{"id":956,"date":"2018-01-18T16:04:15","date_gmt":"2018-01-18T19:04:15","guid":{"rendered":"http:\/\/www.encontramanausam.com.br\/sobre\/?p=956"},"modified":"2019-04-15T11:24:34","modified_gmt":"2019-04-15T14:24:34","slug":"bicho-da-seda-manaus","status":"publish","type":"post","link":"https:\/\/www.encontramanausam.com.br\/sobre\/bicho-da-seda-manaus\/","title":{"rendered":"Bicho da Seda Manaus"},"content":{"rendered":"<div class=\"882fdd0d88065009358e99f1a9406c55\" data-index=\"1\" style=\"float: none; margin:0px;\">\n<script async src=\"https:\/\/pagead2.googlesyndication.com\/pagead\/js\/adsbygoogle.js?client=ca-pub-8585364105181520\"\r\n     crossorigin=\"anonymous\"><\/script>\r\n<!-- Anuncio display - global -->\r\n<ins class=\"adsbygoogle\"\r\n     style=\"display:block\"\r\n     data-ad-client=\"ca-pub-8585364105181520\"\r\n     data-ad-slot=\"8789329856\"\r\n     data-ad-format=\"auto\"\r\n     data-full-width-responsive=\"true\"><\/ins>\r\n<script>\r\n     (adsbygoogle = window.adsbygoogle || []).push({});\r\n<\/script>\n<\/div>\n<p>A BDS Confec\u00e7\u00f5es cujo nome de fantasia \u00e9 <strong>Bicho da Seda Manaus<\/strong> \u00e9 uma empresa amazonense, com capital 100% nacional, constitu\u00edda na Zona Franca de Manaus.<\/p>\n<p>A BDS atua no ramo de confec\u00e7\u00f5es, tendo como principal atividade fabrica\u00e7\u00e3o de Roupas Profissionais.<\/p>\n<p><img loading=\"lazy\" decoding=\"async\" class=\"aligncenter wp-image-957 size-full\" title=\"Bicho da Seda Manaus\" src=\"http:\/\/www.encontramanausam.com.br\/sobre\/wp-content\/uploads\/2018\/01\/bicho-da-seda-manaus.jpg\" alt=\"Bicho da Seda Manaus\" width=\"680\" height=\"189\" srcset=\"https:\/\/www.encontramanausam.com.br\/sobre\/wp-content\/uploads\/2018\/01\/bicho-da-seda-manaus.jpg 680w, https:\/\/www.encontramanausam.com.br\/sobre\/wp-content\/uploads\/2018\/01\/bicho-da-seda-manaus-300x83.jpg 300w\" sizes=\"auto, (max-width: 680px) 100vw, 680px\" \/><\/p>\n<p>A BDS come\u00e7ou em 1988, literalmente no &#8220;fundo de quintal&#8221;. Em 1991 as instala\u00e7\u00f5es residenciais n\u00e3o comportavam mais a empresa em fun\u00e7\u00e3o do crescimento e a empresa se mudou para instala\u00e7\u00f5es mais adequadas. Em 1992, houve nova busca por espa\u00e7o maior e mais adequado para instala\u00e7\u00f5es industriais.<\/p>\n<p>Em dezembro de 1993 deixou de ser micro-empresa e mudou-se para um local &#8220;definitivo&#8221;, em instala\u00e7\u00f5es pr\u00f3prias e grandes o suficiente para sustentar o crescimento.<\/p>\n<p>A BDS, no ano de 1999, atingiu o segundo maior volume de produ\u00e7\u00e3o no Brasil como fabricante de Roupas Profissionais, dentro da carteira de Empresas Homologadas para confec\u00e7\u00e3o deste tipo de produto pela Santista Tavex. Isso permite afirmar que a BDS \u00e9 a empresa n\u00famero 2 no Brasil neste segmento de mercado. Nesta mesma avalia\u00e7\u00e3o a BDS \u00e9 a n\u00famero 1 das regi\u00f5es Norte e Nordeste. Complementarmente foi a primeira empresa homologada Santista a obter o certificado ISO 9001:2008.<\/p>\n<p>A BDS possui representantes em diversas regi\u00f5es do Brasil e atua de maneira intensa na Zona Franca de Manaus. Todos os representantes s\u00e3o Consultores em Uniformiza\u00e7\u00e3o, estando fortemente treinados para identificar necessidades e oportunidades de melhorias dos\u00a0clientes. Solicite aqui uma visita bds@bds.com.br<\/p>\n<p>Este site \u00e9 o Primeiro do Brasil que comercializa integralmente, de maneira on-line, Roupa Profissional pela Internet.<\/p>\n<p><strong>O que oferece<\/strong><\/p>\n<p>Tem como miss\u00e3o Desenvolver, produzir e oferecer solu\u00e7\u00f5es integrais em uniformiza\u00e7\u00e3o, com sustentabilidade e qualidade, agregando auto-estima e seguran\u00e7a aos clientes, assumindo o compromisso de melhorar continuamente o sistema de gest\u00e3o de qualidade.<\/p>\n<p>Os\u00a0produtos buscam a constante melhoria das Roupas Profissionais nos\u00a0clientes, agregando sempre tecnologia e solu\u00e7\u00f5es. Desta forma, como diz a miss\u00e3o, oferece solu\u00e7\u00f5es integrais em uniformiza\u00e7\u00e3o, com qualidade, agregando auto-estima e seguran\u00e7a.<\/p>\n<p><strong>Diferenciais<\/strong><\/p>\n<p>ISO 9001:2015<br \/>\nGarantia Total Santista Tavex &#8211; Somos uma empresa homologada pela Santista Tavex para confec\u00e7\u00e3o de roupas profissionais;<br \/>\nCAD &#8211; Sistema de CAD utilizado no corte de tecido;<br \/>\nM\u00e1quinas de \u00faltima gera\u00e7\u00e3o;<br \/>\nBordado em roupas profissionais;<br \/>\nQualidade superior e constante;<br \/>\nDesenvolvimento de solu\u00e7\u00f5es de uniformiza\u00e7\u00e3o;<\/p>\n<h2>Hor\u00e1rio de Funcionamento Bicho da Seda Manaus<\/h2>\n<ul>\n<li>Segunda a sexta das 8h \u00e0s 18h \/ S\u00e1bado das 8h \u00e0s 12h30<\/li>\n<\/ul>\n<h3>Endere\u00e7o e Telefone Bicho da Seda Fardamento Manaus<\/h3>\n<ul>\n<li>Av. S\u00e3o Jorge, 2960 &#8211; S\u00e3o Jorge &#8211; Manaus &#8211; AM<\/li>\n<li>Telefone: (92) 3671-7521<\/li>\n<\/ul>\n<h4>Outras informa\u00e7\u00f5es: Site e CNPJ<\/h4>\n<ul>\n<li>Mais informa\u00e7\u00f5es: <a href=\"http:\/\/www.roupaprofissional.com.br\/\" target=\"_blank\" rel=\"noopener noreferrer\">www.roupaprofissional.com.br\/<\/a><\/li>\n<li>CNPJ: 84.512.037\/0001-99<\/li>\n<\/ul>\n<h4>Mapa de localiza\u00e7\u00e3o<\/h4>\n<a class=\"wp-colorbox-iframe\" href=\"https:\/\/www.google.com\/maps\/embed?pb=!1m14!1m8!1m3!1d15935.8385984917!2d-60.04327!3d-3.105373!3m2!1i1024!2i768!4f13.1!3m3!1m2!1s0x00x6a1cda48b55dbd28!2sBicho+da+Seda+Uniformes+Profissionais!5e0!3m2!1spt-BR!2sbr!4v1516300219935\"><img decoding=\"async\" src=\"http:\/\/www.encontrabelohorizonte.com.br\/imgs\/maps-post.png\"><\/a>\n<p>&nbsp;<\/p>\n\n<div style=\"font-size: 0px; height: 0px; line-height: 0px; margin: 0; padding: 0; clear: both;\"><\/div>","protected":false},"excerpt":{"rendered":"<p>A BDS Confec\u00e7\u00f5es cujo nome de fantasia \u00e9 Bicho da Seda Manaus \u00e9 uma empresa amazonense, com capital 100% nacional, constitu\u00edda na Zona Franca de Manaus. A BDS atua no ramo de confec\u00e7\u00f5es, tendo como principal atividade fabrica\u00e7\u00e3o de Roupas Profissionais. A BDS come\u00e7ou em 1988, literalmente no &#8220;fundo de quintal&#8221;. Em 1991 as instala\u00e7\u00f5es residenciais n\u00e3o comportavam mais a empresa em fun\u00e7\u00e3o do crescimento e a empresa se mudou para instala\u00e7\u00f5es mais adequadas. Em 1992, houve nova busca por espa\u00e7o maior e mais adequado para instala\u00e7\u00f5es industriais. Em dezembro de 1993 deixou de ser micro-empresa e mudou-se para um <\/p>\n","protected":false},"author":1,"featured_media":957,"comment_status":"open","ping_status":"closed","sticky":false,"template":"","format":"standard","meta":{"footnotes":""},"categories":[16],"tags":[],"class_list":["post-956","post","type-post","status-publish","format-standard","has-post-thumbnail","hentry","category-lugares-em-manaus","has_thumb"],"aioseo_notices":[],"_links":{"self":[{"href":"https:\/\/www.encontramanausam.com.br\/sobre\/wp-json\/wp\/v2\/posts\/956","targetHints":{"allow":["GET"]}}],"collection":[{"href":"https:\/\/www.encontramanausam.com.br\/sobre\/wp-json\/wp\/v2\/posts"}],"about":[{"href":"https:\/\/www.encontramanausam.com.br\/sobre\/wp-json\/wp\/v2\/types\/post"}],"author":[{"embeddable":true,"href":"https:\/\/www.encontramanausam.com.br\/sobre\/wp-json\/wp\/v2\/users\/1"}],"replies":[{"embeddable":true,"href":"https:\/\/www.encontramanausam.com.br\/sobre\/wp-json\/wp\/v2\/comments?post=956"}],"version-history":[{"count":4,"href":"https:\/\/www.encontramanausam.com.br\/sobre\/wp-json\/wp\/v2\/posts\/956\/revisions"}],"predecessor-version":[{"id":3686,"href":"https:\/\/www.encontramanausam.com.br\/sobre\/wp-json\/wp\/v2\/posts\/956\/revisions\/3686"}],"wp:featuredmedia":[{"embeddable":true,"href":"https:\/\/www.encontramanausam.com.br\/sobre\/wp-json\/wp\/v2\/media\/957"}],"wp:attachment":[{"href":"https:\/\/www.encontramanausam.com.br\/sobre\/wp-json\/wp\/v2\/media?parent=956"}],"wp:term":[{"taxonomy":"category","embeddable":true,"href":"https:\/\/www.encontramanausam.com.br\/sobre\/wp-json\/wp\/v2\/categories?post=956"},{"taxonomy":"post_tag","embeddable":true,"href":"https:\/\/www.encontramanausam.com.br\/sobre\/wp-json\/wp\/v2\/tags?post=956"}],"curies":[{"name":"wp","href":"https:\/\/api.w.org\/{rel}","templated":true}]}}