{"id":6335,"date":"2026-09-03T03:14:40","date_gmt":"2026-09-03T06:14:40","guid":{"rendered":"https:\/\/www.encontramanausam.com.br\/sobre\/lista-de-selecionados-para-o-empretec-347a-turma\/"},"modified":"2026-09-03T03:14:40","modified_gmt":"2026-09-03T06:14:40","slug":"lista-de-selecionados-para-o-empretec-347a-turma","status":"publish","type":"post","link":"https:\/\/www.encontramanausam.com.br\/sobre\/lista-de-selecionados-para-o-empretec-347a-turma\/","title":{"rendered":"Lista de selecionados para o Empretec 347\u00aa turma"},"content":{"rendered":"<div class=\"882fdd0d88065009358e99f1a9406c55\" data-index=\"1\" style=\"float: none; margin:0px;\">\n<script async src=\"https:\/\/pagead2.googlesyndication.com\/pagead\/js\/adsbygoogle.js?client=ca-pub-8585364105181520\"\r\n     crossorigin=\"anonymous\"><\/script>\r\n<!-- Anuncio display - global -->\r\n<ins class=\"adsbygoogle\"\r\n     style=\"display:block\"\r\n     data-ad-client=\"ca-pub-8585364105181520\"\r\n     data-ad-slot=\"8789329856\"\r\n     data-ad-format=\"auto\"\r\n     data-full-width-responsive=\"true\"><\/ins>\r\n<script>\r\n     (adsbygoogle = window.adsbygoogle || []).push({});\r\n<\/script>\n<\/div>\n<h2>O que \u00e9 o Empretec?<\/h2>\n<p>O <strong>Empretec<\/strong> \u00e9 um programa focado no desenvolvimento de habilidades empreendedoras. Esta iniciativa \u00e9 realizada em parceria com o <strong>Servi\u00e7o Brasileiro de Apoio \u00e0s Micro e Pequenas Empresas (Sebrae)<\/strong>, visando auxiliar empreendedores a aprimorar suas compet\u00eancias e expandir seus neg\u00f3cios. O programa, reconhecido internacionalmente, oferece uma metodologia inovadora que visa fortalecer tra\u00e7os de comportamento empreendedor.<\/p>\n<h2>Import\u00e2ncia do Empretec para empreendedores<\/h2>\n<p>A relev\u00e2ncia do Empretec \u00e9 significativa para aqueles que buscam impulsionar suas iniciativas empresariais. O programa n\u00e3o somente proporciona conhecimento te\u00f3rico, mas tamb\u00e9m incentiva os participantes a praticarem e aplicarem o que aprenderam em situa\u00e7\u00f5es reais. Algumas das principais vantagens incluem:<\/p>\n<ul>\n<li><strong>Desenvolvimento de Compet\u00eancias:<\/strong> Foco em habilidades como planejamento, defini\u00e7\u00e3o de metas e gest\u00e3o de riscos.<\/li>\n<li><strong>Crescimento Profissional:<\/strong> O curso prepara os empreendedores para desafios do mercado, contribuindo para o sucesso de suas empresas.<\/li>\n<li><strong>Networking:<\/strong> Oportunidade de intera\u00e7\u00e3o com outros empreendedores e troca de experi\u00eancias e ideias.<\/li>\n<\/ul>\n<h2>Como foi a sele\u00e7\u00e3o dos participantes<\/h2>\n<p>A sele\u00e7\u00e3o dos 25 participantes para a <strong>347\u00aa turma do Empretec<\/strong> foi realizada pela <strong>Secretaria Municipal do Trabalho, Empreendedorismo e Inova\u00e7\u00e3o (Semtepi)<\/strong> no dia 17 de agosto de 2026. Os interessados passaram por um processo de an\u00e1lise que considerou seu perfil empreendedor e motiva\u00e7\u00e3o para ingressar no programa.<\/p>\n<p><img decoding=\"async\" src=\"https:\/\/www.encontramanausam.com.br\/sobre\/wp-content\/uploads\/2026\/09\/lista-de-selecionados-para-o-empretec-347-turma.webp\" alt=\"Empretec 347\u00aa turma\" loading=\"lazy\" \/><\/p>\n<h2>Conte\u00fados abordados no Empretec<\/h2>\n<p>No decorrer do programa, os participantes s\u00e3o expostos a uma variedade de t\u00f3picos. Entre os conte\u00fados enfatizados, destacam-se:<\/p>\n<ul>\n<li><strong>Iniciativa e Proatividade:<\/strong> Est\u00edmulo para que os participantes tomem a dianteira em seus projetos.<\/li>\n<li><strong>Planejamento Estrat\u00e9gico:<\/strong> M\u00e9todos para tra\u00e7ar um caminho claro rumo aos objetivos de neg\u00f3cio.<\/li>\n<li><strong>Identifica\u00e7\u00e3o de Oportunidades:<\/strong> Como reconhecer e aproveitar as oportunidades do mercado.<\/li>\n<li><strong>Gest\u00e3o de Risco:<\/strong> Capacita\u00e7\u00e3o para avaliar e mitigar riscos envolvidos nas decis\u00f5es empreendedoras.<\/li>\n<\/ul>\n<h2>Etapas do programa e datas importantes<\/h2>\n<p>O programa \u00e9 estruturado em duas etapas principais. A primeira fase acontece de forma remota, entre os dias 19 e 23 de agosto de 2026, e a fase presencial est\u00e1 agendada para ocorrer de 24 a 28 de agosto, na sede do Sebrae Amazonas, localizada na avenida Leonardo Malcher, n\u00ba 924, no Centro de Manaus.<\/p>\n<h2>Benef\u00edcios da capacita\u00e7\u00e3o para os selecionados<\/h2>\n<p>Os participantes da 347\u00aa turma do Empretec ter\u00e3o acesso a uma s\u00e9rie de benef\u00edcios, tais como:<\/p>\n<ul>\n<li><strong>Metodologia Reconhecida:<\/strong> Programa com respaldo internacional que aprimora habilidades empreendedoras.<\/li>\n<li><strong>Vis\u00e3o de Mercado:<\/strong> A capacita\u00e7\u00e3o providencia uma compreens\u00e3o mais profunda sobre a din\u00e2mica do mercado.<\/li>\n<li><strong>Resultados Pr\u00e1ticos:<\/strong> Enfoque em aplica\u00e7\u00f5es imediatas dos conhecimentos adquiridos, favorecendo o crescimento do neg\u00f3cio.<\/li>\n<\/ul>\n<h2>Distribui\u00e7\u00e3o dos cursos entre remoto e presencial<\/h2>\n<p>Com uma abordagem h\u00edbrida, o Empretec divide sua forma\u00e7\u00e3o entre aulas online e presenciais. A primeira etapa ser\u00e1 remota, permitindo que os participantes tenham flexibilidade e conforto enquanto adquirem novos conhecimentos. J\u00e1 a segunda etapa, que ocorrer\u00e1 de forma presencial, possibilitar\u00e1 um enriquecimento da experi\u00eancia de aprendizado atrav\u00e9s de intera\u00e7\u00f5es diretas e pr\u00e1ticas.<\/p>\n<h2>Depoimentos de participantes anteriores<\/h2>\n<p>O impacto positivo do Empretec \u00e9 frequentemente destacado por aqueles que j\u00e1 participaram do programa. Anteriormente, muitos empreendedores relataram mudan\u00e7as significativas em suas atitudes e pr\u00e1ticas comerciais ap\u00f3s a conclus\u00e3o. Aqui est\u00e3o alguns testemunhos:<\/p>\n<ul>\n<li><strong>Jo\u00e3o, empres\u00e1rio:<\/strong> &#8220;O Empretec foi um divisor de \u00e1guas para meu neg\u00f3cio. Aprendi a enxergar oportunidades que antes n\u00e3o percebia.&#8221;\n    <\/li>\n<li><strong>Maria, propriet\u00e1ria de loja:<\/strong> &#8220;Ap\u00f3s o curso, minha confian\u00e7a aumentou e consegui expandir minha opera\u00e7\u00e3o. Super recomendo!&#8221;\n    <\/li>\n<\/ul>\n<h2>Como a Prefeitura apoia o empreendedorismo na regi\u00e3o<\/h2>\n<p>A Prefeitura de Manaus, por meio da Semtepi, vem realizando v\u00e1rias a\u00e7\u00f5es para fomentar o empreendedorismo na cidade. Isso inclui:<\/p>\n<ul>\n<li><strong>Fomento a cursos e capacita\u00e7\u00f5es:<\/strong> Incentivar a participa\u00e7\u00e3o de empreendedores em programas de qualifica\u00e7\u00e3o e desenvolvimento.<\/li>\n<li><strong>Apoio ao micro e pequeno empres\u00e1rio:<\/strong> Desenvolvimento de pol\u00edticas p\u00fablicas voltadas para fortalecer pequenos neg\u00f3cios.<\/li>\n<li><strong>Eventos de networking:<\/strong> Promo\u00e7\u00e3o de eventos que interconectam empreendedores e possibilitam o desenvolvimento de parcerias.<\/li>\n<\/ul>\n<h2>Pr\u00f3ximos passos para os selecionados<\/h2>\n<p>Ap\u00f3s serem selecionados, os 25 empreendedores passar\u00e3o por uma jornada enriquecedora atrav\u00e9s do programa Empretec, onde dever\u00e3o aplicar os conhecimentos adquiridos em suas realidades e desafios de mercado. Os participantes ser\u00e3o acompanhados posterioremente no uso das novas compet\u00eancias, \u00e0 medida que colocam em pr\u00e1tica tudo o que aprenderam.<\/p>\n\n<div style=\"font-size: 0px; height: 0px; line-height: 0px; margin: 0; padding: 0; clear: both;\"><\/div>","protected":false},"excerpt":{"rendered":"<p>Manaus divulga lista de selecionados para a 347\u00aa turma do Empretec com oportunidades \u00fanicas.<\/p>\n","protected":false},"author":1,"featured_media":6334,"comment_status":"closed","ping_status":"closed","sticky":false,"template":"","format":"standard","meta":{"footnotes":""},"categories":[4],"tags":[],"class_list":["post-6335","post","type-post","status-publish","format-standard","has-post-thumbnail","hentry","category-empregos-em-manaus","has_thumb"],"aioseo_notices":[],"aioseo_head":"\n\t\t<!-- All in One SEO 5.0.0.1 - aioseo.com -->\n\t<meta name=\"description\" content=\"Manaus divulga lista de selecionados para a 347\u00aa turma do Empretec com oportunidades \u00fanicas.\" \/>\n\t<meta name=\"robots\" content=\"max-image-preview:large\" \/>\n\t<meta name=\"author\" content=\"Encontra Manaus\"\/>\n\t<link rel=\"canonical\" href=\"https:\/\/www.encontramanausam.com.br\/sobre\/lista-de-selecionados-para-o-empretec-347a-turma\/\" \/>\n\t<meta name=\"generator\" content=\"All in One SEO (AIOSEO) 5.0.0.1\" \/>\n\t\t<meta property=\"og:locale\" content=\"pt_BR\" \/>\n\t\t<meta property=\"og:site_name\" content=\"Encontra Manaus | Not\u00edcias, eventos, informa\u00e7\u00f5es e dicas na cidade Manaus e regi\u00e3o.\" \/>\n\t\t<meta property=\"og:type\" content=\"article\" \/>\n\t\t<meta property=\"og:title\" content=\"Lista de selecionados para o Empretec 347\u00aa turma | Encontra Manaus\" \/>\n\t\t<meta property=\"og:description\" content=\"Manaus divulga lista de selecionados para a 347\u00aa turma do Empretec com oportunidades \u00fanicas.\" \/>\n\t\t<meta property=\"og:url\" content=\"https:\/\/www.encontramanausam.com.br\/sobre\/lista-de-selecionados-para-o-empretec-347a-turma\/\" \/>\n\t\t<meta property=\"article:published_time\" content=\"2026-09-03T06:14:40+00:00\" \/>\n\t\t<meta property=\"article:modified_time\" content=\"2026-09-03T06:14:40+00:00\" \/>\n\t\t<meta name=\"twitter:card\" content=\"summary\" \/>\n\t\t<meta name=\"twitter:title\" content=\"Lista de selecionados para o Empretec 347\u00aa turma | Encontra Manaus\" \/>\n\t\t<meta name=\"twitter:description\" content=\"Manaus divulga lista de selecionados para a 347\u00aa turma do Empretec com oportunidades \u00fanicas.\" \/>\n\t\t<script type=\"application\/ld+json\" class=\"aioseo-schema\">\n\t\t\t{\"@context\":\"https:\\\/\\\/schema.org\",\"@graph\":[{\"@type\":\"Article\",\"@id\":\"https:\\\/\\\/www.encontramanausam.com.br\\\/sobre\\\/lista-de-selecionados-para-o-empretec-347a-turma\\\/#article\",\"name\":\"Lista de selecionados para o Empretec 347\\u00aa turma | Encontra Manaus\",\"headline\":\"Lista de selecionados para o Empretec 347\\u00aa turma\",\"author\":{\"@id\":\"https:\\\/\\\/www.encontramanausam.com.br\\\/sobre\\\/author\\\/emanausam\\\/#author\"},\"publisher\":{\"@id\":\"https:\\\/\\\/www.encontramanausam.com.br\\\/sobre\\\/#organization\"},\"image\":{\"@type\":\"ImageObject\",\"url\":\"https:\\\/\\\/www.encontramanausam.com.br\\\/sobre\\\/wp-content\\\/uploads\\\/2026\\\/09\\\/lista-de-selecionados-para-o-empretec-347-turma.webp\",\"width\":280,\"height\":280,\"caption\":\"Empretec 347\\u00aa turma\"},\"datePublished\":\"2026-09-03T03:14:40-03:00\",\"dateModified\":\"2026-09-03T03:14:40-03:00\",\"inLanguage\":\"pt-BR\",\"mainEntityOfPage\":{\"@id\":\"https:\\\/\\\/www.encontramanausam.com.br\\\/sobre\\\/lista-de-selecionados-para-o-empretec-347a-turma\\\/#webpage\"},\"isPartOf\":{\"@id\":\"https:\\\/\\\/www.encontramanausam.com.br\\\/sobre\\\/lista-de-selecionados-para-o-empretec-347a-turma\\\/#webpage\"},\"articleSection\":\"Empregos Manaus\"},{\"@type\":\"BreadcrumbList\",\"@id\":\"https:\\\/\\\/www.encontramanausam.com.br\\\/sobre\\\/lista-de-selecionados-para-o-empretec-347a-turma\\\/#breadcrumblist\",\"itemListElement\":[{\"@type\":\"ListItem\",\"@id\":\"https:\\\/\\\/www.encontramanausam.com.br\\\/sobre#listItem\",\"position\":1,\"name\":\"In\\u00edcio\",\"item\":\"https:\\\/\\\/www.encontramanausam.com.br\\\/sobre\",\"nextItem\":{\"@type\":\"ListItem\",\"@id\":\"https:\\\/\\\/www.encontramanausam.com.br\\\/sobre\\\/empregos-em-manaus\\\/#listItem\",\"name\":\"Empregos Manaus\"}},{\"@type\":\"ListItem\",\"@id\":\"https:\\\/\\\/www.encontramanausam.com.br\\\/sobre\\\/empregos-em-manaus\\\/#listItem\",\"position\":2,\"name\":\"Empregos Manaus\",\"item\":\"https:\\\/\\\/www.encontramanausam.com.br\\\/sobre\\\/empregos-em-manaus\\\/\",\"nextItem\":{\"@type\":\"ListItem\",\"@id\":\"https:\\\/\\\/www.encontramanausam.com.br\\\/sobre\\\/lista-de-selecionados-para-o-empretec-347a-turma\\\/#listItem\",\"name\":\"Lista de selecionados para o Empretec 347\\u00aa turma\"},\"previousItem\":{\"@type\":\"ListItem\",\"@id\":\"https:\\\/\\\/www.encontramanausam.com.br\\\/sobre#listItem\",\"name\":\"In\\u00edcio\"}},{\"@type\":\"ListItem\",\"@id\":\"https:\\\/\\\/www.encontramanausam.com.br\\\/sobre\\\/lista-de-selecionados-para-o-empretec-347a-turma\\\/#listItem\",\"position\":3,\"name\":\"Lista de selecionados para o Empretec 347\\u00aa turma\",\"previousItem\":{\"@type\":\"ListItem\",\"@id\":\"https:\\\/\\\/www.encontramanausam.com.br\\\/sobre\\\/empregos-em-manaus\\\/#listItem\",\"name\":\"Empregos Manaus\"}}]},{\"@type\":\"Organization\",\"@id\":\"https:\\\/\\\/www.encontramanausam.com.br\\\/sobre\\\/#organization\",\"name\":\"Encontra Manaus\",\"description\":\"Not\\u00edcias, eventos, informa\\u00e7\\u00f5es e dicas na cidade Manaus e regi\\u00e3o.\",\"url\":\"https:\\\/\\\/www.encontramanausam.com.br\\\/sobre\\\/\"},{\"@type\":\"Person\",\"@id\":\"https:\\\/\\\/www.encontramanausam.com.br\\\/sobre\\\/author\\\/emanausam\\\/#author\",\"url\":\"https:\\\/\\\/www.encontramanausam.com.br\\\/sobre\\\/author\\\/emanausam\\\/\",\"name\":\"Encontra Manaus\",\"image\":{\"@type\":\"ImageObject\",\"@id\":\"https:\\\/\\\/www.encontramanausam.com.br\\\/sobre\\\/lista-de-selecionados-para-o-empretec-347a-turma\\\/#authorImage\",\"url\":\"https:\\\/\\\/secure.gravatar.com\\\/avatar\\\/507340682b8270222e1f208e23198b6ae7e2c6a1033ae84e99bc6bce4f82a387?s=96&d=mm&r=g\",\"width\":96,\"height\":96,\"caption\":\"Encontra Manaus\"}},{\"@type\":\"WebPage\",\"@id\":\"https:\\\/\\\/www.encontramanausam.com.br\\\/sobre\\\/lista-de-selecionados-para-o-empretec-347a-turma\\\/#webpage\",\"url\":\"https:\\\/\\\/www.encontramanausam.com.br\\\/sobre\\\/lista-de-selecionados-para-o-empretec-347a-turma\\\/\",\"name\":\"Lista de selecionados para o Empretec 347\\u00aa turma | Encontra Manaus\",\"description\":\"Manaus divulga lista de selecionados para a 347\\u00aa turma do Empretec com oportunidades \\u00fanicas.\",\"inLanguage\":\"pt-BR\",\"isPartOf\":{\"@id\":\"https:\\\/\\\/www.encontramanausam.com.br\\\/sobre\\\/#website\"},\"breadcrumb\":{\"@id\":\"https:\\\/\\\/www.encontramanausam.com.br\\\/sobre\\\/lista-de-selecionados-para-o-empretec-347a-turma\\\/#breadcrumblist\"},\"author\":{\"@id\":\"https:\\\/\\\/www.encontramanausam.com.br\\\/sobre\\\/author\\\/emanausam\\\/#author\"},\"creator\":{\"@id\":\"https:\\\/\\\/www.encontramanausam.com.br\\\/sobre\\\/author\\\/emanausam\\\/#author\"},\"image\":{\"@type\":\"ImageObject\",\"url\":\"https:\\\/\\\/www.encontramanausam.com.br\\\/sobre\\\/wp-content\\\/uploads\\\/2026\\\/09\\\/lista-de-selecionados-para-o-empretec-347-turma.webp\",\"@id\":\"https:\\\/\\\/www.encontramanausam.com.br\\\/sobre\\\/lista-de-selecionados-para-o-empretec-347a-turma\\\/#mainImage\",\"width\":280,\"height\":280,\"caption\":\"Empretec 347\\u00aa turma\"},\"primaryImageOfPage\":{\"@id\":\"https:\\\/\\\/www.encontramanausam.com.br\\\/sobre\\\/lista-de-selecionados-para-o-empretec-347a-turma\\\/#mainImage\"},\"datePublished\":\"2026-09-03T03:14:40-03:00\",\"dateModified\":\"2026-09-03T03:14:40-03:00\"},{\"@type\":\"WebSite\",\"@id\":\"https:\\\/\\\/www.encontramanausam.com.br\\\/sobre\\\/#website\",\"url\":\"https:\\\/\\\/www.encontramanausam.com.br\\\/sobre\\\/\",\"name\":\"Encontra Manaus\",\"description\":\"Not\\u00edcias, eventos, informa\\u00e7\\u00f5es e dicas na cidade Manaus e regi\\u00e3o.\",\"inLanguage\":\"pt-BR\",\"publisher\":{\"@id\":\"https:\\\/\\\/www.encontramanausam.com.br\\\/sobre\\\/#organization\"}}]}\n\t\t<\/script>\n\t\t<!-- All in One SEO -->\n\n","aioseo_head_json":{"title":"Lista de selecionados para o Empretec 347\u00aa turma | Encontra Manaus","description":"Manaus divulga lista de selecionados para a 347\u00aa turma do Empretec com oportunidades \u00fanicas.","canonical_url":"https:\/\/www.encontramanausam.com.br\/sobre\/lista-de-selecionados-para-o-empretec-347a-turma\/","robots":"max-image-preview:large","keywords":"","webmasterTools":{"miscellaneous":""},"schema":{"@context":"https:\/\/schema.org","@graph":[{"@type":"Article","@id":"https:\/\/www.encontramanausam.com.br\/sobre\/lista-de-selecionados-para-o-empretec-347a-turma\/#article","name":"Lista de selecionados para o Empretec 347\u00aa turma | Encontra Manaus","headline":"Lista de selecionados para o Empretec 347\u00aa turma","author":{"@id":"https:\/\/www.encontramanausam.com.br\/sobre\/author\/emanausam\/#author"},"publisher":{"@id":"https:\/\/www.encontramanausam.com.br\/sobre\/#organization"},"image":{"@type":"ImageObject","url":"https:\/\/www.encontramanausam.com.br\/sobre\/wp-content\/uploads\/2026\/09\/lista-de-selecionados-para-o-empretec-347-turma.webp","width":280,"height":280,"caption":"Empretec 347\u00aa turma"},"datePublished":"2026-09-03T03:14:40-03:00","dateModified":"2026-09-03T03:14:40-03:00","inLanguage":"pt-BR","mainEntityOfPage":{"@id":"https:\/\/www.encontramanausam.com.br\/sobre\/lista-de-selecionados-para-o-empretec-347a-turma\/#webpage"},"isPartOf":{"@id":"https:\/\/www.encontramanausam.com.br\/sobre\/lista-de-selecionados-para-o-empretec-347a-turma\/#webpage"},"articleSection":"Empregos Manaus"},{"@type":"BreadcrumbList","@id":"https:\/\/www.encontramanausam.com.br\/sobre\/lista-de-selecionados-para-o-empretec-347a-turma\/#breadcrumblist","itemListElement":[{"@type":"ListItem","@id":"https:\/\/www.encontramanausam.com.br\/sobre#listItem","position":1,"name":"In\u00edcio","item":"https:\/\/www.encontramanausam.com.br\/sobre","nextItem":{"@type":"ListItem","@id":"https:\/\/www.encontramanausam.com.br\/sobre\/empregos-em-manaus\/#listItem","name":"Empregos Manaus"}},{"@type":"ListItem","@id":"https:\/\/www.encontramanausam.com.br\/sobre\/empregos-em-manaus\/#listItem","position":2,"name":"Empregos Manaus","item":"https:\/\/www.encontramanausam.com.br\/sobre\/empregos-em-manaus\/","nextItem":{"@type":"ListItem","@id":"https:\/\/www.encontramanausam.com.br\/sobre\/lista-de-selecionados-para-o-empretec-347a-turma\/#listItem","name":"Lista de selecionados para o Empretec 347\u00aa turma"},"previousItem":{"@type":"ListItem","@id":"https:\/\/www.encontramanausam.com.br\/sobre#listItem","name":"In\u00edcio"}},{"@type":"ListItem","@id":"https:\/\/www.encontramanausam.com.br\/sobre\/lista-de-selecionados-para-o-empretec-347a-turma\/#listItem","position":3,"name":"Lista de selecionados para o Empretec 347\u00aa turma","previousItem":{"@type":"ListItem","@id":"https:\/\/www.encontramanausam.com.br\/sobre\/empregos-em-manaus\/#listItem","name":"Empregos Manaus"}}]},{"@type":"Organization","@id":"https:\/\/www.encontramanausam.com.br\/sobre\/#organization","name":"Encontra Manaus","description":"Not\u00edcias, eventos, informa\u00e7\u00f5es e dicas na cidade Manaus e regi\u00e3o.","url":"https:\/\/www.encontramanausam.com.br\/sobre\/"},{"@type":"Person","@id":"https:\/\/www.encontramanausam.com.br\/sobre\/author\/emanausam\/#author","url":"https:\/\/www.encontramanausam.com.br\/sobre\/author\/emanausam\/","name":"Encontra Manaus","image":{"@type":"ImageObject","@id":"https:\/\/www.encontramanausam.com.br\/sobre\/lista-de-selecionados-para-o-empretec-347a-turma\/#authorImage","url":"https:\/\/secure.gravatar.com\/avatar\/507340682b8270222e1f208e23198b6ae7e2c6a1033ae84e99bc6bce4f82a387?s=96&d=mm&r=g","width":96,"height":96,"caption":"Encontra Manaus"}},{"@type":"WebPage","@id":"https:\/\/www.encontramanausam.com.br\/sobre\/lista-de-selecionados-para-o-empretec-347a-turma\/#webpage","url":"https:\/\/www.encontramanausam.com.br\/sobre\/lista-de-selecionados-para-o-empretec-347a-turma\/","name":"Lista de selecionados para o Empretec 347\u00aa turma | Encontra Manaus","description":"Manaus divulga lista de selecionados para a 347\u00aa turma do Empretec com oportunidades \u00fanicas.","inLanguage":"pt-BR","isPartOf":{"@id":"https:\/\/www.encontramanausam.com.br\/sobre\/#website"},"breadcrumb":{"@id":"https:\/\/www.encontramanausam.com.br\/sobre\/lista-de-selecionados-para-o-empretec-347a-turma\/#breadcrumblist"},"author":{"@id":"https:\/\/www.encontramanausam.com.br\/sobre\/author\/emanausam\/#author"},"creator":{"@id":"https:\/\/www.encontramanausam.com.br\/sobre\/author\/emanausam\/#author"},"image":{"@type":"ImageObject","url":"https:\/\/www.encontramanausam.com.br\/sobre\/wp-content\/uploads\/2026\/09\/lista-de-selecionados-para-o-empretec-347-turma.webp","@id":"https:\/\/www.encontramanausam.com.br\/sobre\/lista-de-selecionados-para-o-empretec-347a-turma\/#mainImage","width":280,"height":280,"caption":"Empretec 347\u00aa turma"},"primaryImageOfPage":{"@id":"https:\/\/www.encontramanausam.com.br\/sobre\/lista-de-selecionados-para-o-empretec-347a-turma\/#mainImage"},"datePublished":"2026-09-03T03:14:40-03:00","dateModified":"2026-09-03T03:14:40-03:00"},{"@type":"WebSite","@id":"https:\/\/www.encontramanausam.com.br\/sobre\/#website","url":"https:\/\/www.encontramanausam.com.br\/sobre\/","name":"Encontra Manaus","description":"Not\u00edcias, eventos, informa\u00e7\u00f5es e dicas na cidade Manaus e regi\u00e3o.","inLanguage":"pt-BR","publisher":{"@id":"https:\/\/www.encontramanausam.com.br\/sobre\/#organization"}}]},"og:locale":"pt_BR","og:site_name":"Encontra Manaus | Not\u00edcias, eventos, informa\u00e7\u00f5es e dicas na cidade Manaus e regi\u00e3o.","og:type":"article","og:title":"Lista de selecionados para o Empretec 347\u00aa turma | Encontra Manaus","og:description":"Manaus divulga lista de selecionados para a 347\u00aa turma do Empretec com oportunidades \u00fanicas.","og:url":"https:\/\/www.encontramanausam.com.br\/sobre\/lista-de-selecionados-para-o-empretec-347a-turma\/","article:published_time":"2026-09-03T06:14:40+00:00","article:modified_time":"2026-09-03T06:14:40+00:00","twitter:card":"summary","twitter:title":"Lista de selecionados para o Empretec 347\u00aa turma | Encontra Manaus","twitter:description":"Manaus divulga lista de selecionados para a 347\u00aa turma do Empretec com oportunidades \u00fanicas."},"aioseo_meta_data":{"post_id":"6335","title":null,"description":null,"keywords":null,"keyphrases":null,"primary_term":null,"canonical_url":null,"og_title":null,"og_description":null,"og_object_type":"default","og_image_type":"default","og_image_url":null,"og_image_width":null,"og_image_height":null,"og_image_custom_url":null,"og_image_custom_fields":null,"og_video":null,"og_custom_url":null,"og_article_section":null,"og_article_tags":null,"twitter_use_og":false,"twitter_card":"default","twitter_image_type":"default","twitter_image_url":null,"twitter_image_custom_url":null,"twitter_image_custom_fields":null,"twitter_title":null,"twitter_description":null,"schema":{"blockGraphs":[],"customGraphs":[],"default":{"data":{"Article":[],"Course":[],"Dataset":[],"FAQPage":[],"Movie":[],"Person":[],"Product":[],"ProductReview":[],"Car":[],"Recipe":[],"Service":[],"SoftwareApplication":[],"WebPage":[]},"graphName":"Article","isEnabled":true},"graphs":[]},"schema_type":"default","schema_type_options":null,"pillar_content":false,"robots_default":true,"robots_noindex":false,"robots_noarchive":false,"robots_nosnippet":false,"robots_nofollow":false,"robots_noimageindex":false,"robots_noodp":false,"robots_notranslate":false,"robots_max_snippet":null,"robots_max_videopreview":null,"robots_max_imagepreview":"large","priority":null,"frequency":null,"local_seo":null,"breadcrumb_settings":null,"limit_modified_date":false,"ai":null,"created":"2026-09-03 06:14:40","updated":"2026-09-03 06:15:37","focus_keyword":null,"additional_keywords":null,"truseo_locale":null,"seo_analyzer_scan_date":null},"aioseo_breadcrumb":"<div class=\"aioseo-breadcrumbs\"><span class=\"aioseo-breadcrumb\">\n\t\t\t<a href=\"https:\/\/www.encontramanausam.com.br\/sobre\" title=\"In\u00edcio\">In\u00edcio<\/a>\n\t\t<\/span><span class=\"aioseo-breadcrumb-separator\">&raquo;<\/span><span class=\"aioseo-breadcrumb\">\n\t\t\t<a href=\"https:\/\/www.encontramanausam.com.br\/sobre\/empregos-em-manaus\/\" title=\"Empregos Manaus\">Empregos Manaus<\/a>\n\t\t<\/span><span class=\"aioseo-breadcrumb-separator\">&raquo;<\/span><span class=\"aioseo-breadcrumb\">\n\t\t\tLista de selecionados para o Empretec 347\u00aa turma\n\t\t<\/span><\/div>","aioseo_breadcrumb_json":[{"label":"In\u00edcio","link":"https:\/\/www.encontramanausam.com.br\/sobre"},{"label":"Empregos Manaus","link":"https:\/\/www.encontramanausam.com.br\/sobre\/empregos-em-manaus\/"},{"label":"Lista de selecionados para o Empretec 347\u00aa turma","link":"https:\/\/www.encontramanausam.com.br\/sobre\/lista-de-selecionados-para-o-empretec-347a-turma\/"}],"_links":{"self":[{"href":"https:\/\/www.encontramanausam.com.br\/sobre\/wp-json\/wp\/v2\/posts\/6335","targetHints":{"allow":["GET"]}}],"collection":[{"href":"https:\/\/www.encontramanausam.com.br\/sobre\/wp-json\/wp\/v2\/posts"}],"about":[{"href":"https:\/\/www.encontramanausam.com.br\/sobre\/wp-json\/wp\/v2\/types\/post"}],"author":[{"embeddable":true,"href":"https:\/\/www.encontramanausam.com.br\/sobre\/wp-json\/wp\/v2\/users\/1"}],"replies":[{"embeddable":true,"href":"https:\/\/www.encontramanausam.com.br\/sobre\/wp-json\/wp\/v2\/comments?post=6335"}],"version-history":[{"count":0,"href":"https:\/\/www.encontramanausam.com.br\/sobre\/wp-json\/wp\/v2\/posts\/6335\/revisions"}],"wp:featuredmedia":[{"embeddable":true,"href":"https:\/\/www.encontramanausam.com.br\/sobre\/wp-json\/wp\/v2\/media\/6334"}],"wp:attachment":[{"href":"https:\/\/www.encontramanausam.com.br\/sobre\/wp-json\/wp\/v2\/media?parent=6335"}],"wp:term":[{"taxonomy":"category","embeddable":true,"href":"https:\/\/www.encontramanausam.com.br\/sobre\/wp-json\/wp\/v2\/categories?post=6335"},{"taxonomy":"post_tag","embeddable":true,"href":"https:\/\/www.encontramanausam.com.br\/sobre\/wp-json\/wp\/v2\/tags?post=6335"}],"curies":[{"name":"wp","href":"https:\/\/api.w.org\/{rel}","templated":true}]}}