{"id":6110,"date":"2026-07-29T04:32:36","date_gmt":"2026-07-29T07:32:36","guid":{"rendered":"https:\/\/www.encontramanausam.com.br\/sobre\/sine-manaus-oferta-641-vagas-de-emprego-nesta-terca\/"},"modified":"2026-07-29T04:32:36","modified_gmt":"2026-07-29T07:32:36","slug":"sine-manaus-oferta-641-vagas-de-emprego-nesta-terca","status":"publish","type":"post","link":"https:\/\/www.encontramanausam.com.br\/sobre\/sine-manaus-oferta-641-vagas-de-emprego-nesta-terca\/","title":{"rendered":"Sine Manaus oferta 641 vagas de emprego nesta ter\u00e7a"},"content":{"rendered":"<div class=\"882fdd0d88065009358e99f1a9406c55\" data-index=\"1\" style=\"float: none; margin:0px;\">\n<script async src=\"https:\/\/pagead2.googlesyndication.com\/pagead\/js\/adsbygoogle.js?client=ca-pub-8585364105181520\"\r\n     crossorigin=\"anonymous\"><\/script>\r\n<!-- Anuncio display - global -->\r\n<ins class=\"adsbygoogle\"\r\n     style=\"display:block\"\r\n     data-ad-client=\"ca-pub-8585364105181520\"\r\n     data-ad-slot=\"8789329856\"\r\n     data-ad-format=\"auto\"\r\n     data-full-width-responsive=\"true\"><\/ins>\r\n<script>\r\n     (adsbygoogle = window.adsbygoogle || []).push({});\r\n<\/script>\n<\/div>\n<h2>Vagas Dispon\u00edveis no Sine Manaus<\/h2>\n<p>No dia 28 de julho de 2026, o Sine Manaus disponibilizou um total de <strong>641 vagas de emprego<\/strong> em diversos setores. Essa iniciativa, promovida pela Prefeitura de Manaus, oferece oportunidades em \u00e1reas como produ\u00e7\u00e3o, com\u00e9rcio e servi\u00e7os, abrangendo postos que variam desde fun\u00e7\u00f5es mais simples at\u00e9 aquelas que demandam especializa\u00e7\u00f5es detalhadas.<\/p>\n<h2>Como se Candidatar a uma Vaga<\/h2>\n<p>Para participar do processo seletivo, os candidatos devem comparecer a um dos postos do Sine Manaus. \u00c9 necess\u00e1rio estar munido dos documentos e requisitos b\u00e1sicos para a pr\u00e9-sele\u00e7\u00e3o e orienta\u00e7\u00e3o sobre o Cadastro da Carteira de Trabalho Digital. Os hor\u00e1rios de atendimento nas unidades s\u00e3o das <strong>8h \u00e0s 14h<\/strong>. \u00c9 recomend\u00e1vel que os interessados cheguem cedo para assegurar seu atendimento.<\/p>\n<h2>Documenta\u00e7\u00e3o Necess\u00e1ria para Participar<\/h2>\n<p>Os interessados devem apresentar os seguintes documentos:<\/p>\n<p><img decoding=\"async\" src=\"https:\/\/www.encontramanausam.com.br\/sobre\/wp-content\/uploads\/2026\/07\/sine-manaus-oferta-641-vagas-de-emprego-nesta-terca.webp\" alt=\"Sine Manaus\" loading=\"lazy\" \/><\/p>\n<ul>\n<li>Comprovante de vacina\u00e7\u00e3o contra a Covid-19<\/li>\n<li>Curr\u00edculo atualizado<\/li>\n<li>Certificados de cursos relevantes<\/li>\n<li>Documentos pessoais, incluindo RG, CPF, PIS, CTPS, e comprovante de escolaridade e resid\u00eancia. <\/li>\n<\/ul>\n<p>Ressalta-se que n\u00e3o \u00e9 necess\u00e1rio levar c\u00f3pias, apenas os documentos originais.<\/p>\n<h2>Orienta\u00e7\u00f5es para Atualizar o Cadastro<\/h2>\n<p>\u00c9 crucial que os candidatos mantenham suas informa\u00e7\u00f5es cadastrais atualizadas, especialmente ao completarem novos cursos ou qualifica\u00e7\u00f5es. As novas compet\u00eancias podem ser relevantes para o preenchimento de vagas espec\u00edficas e podem requerer documenta\u00e7\u00e3o adicional, conforme os crit\u00e9rios de cada posi\u00e7\u00e3o.<\/p>\n<h2>Crit\u00e9rios de Sele\u00e7\u00e3o e Requisitos<\/h2>\n<p>Os crit\u00e9rios de sele\u00e7\u00e3o para as vagas dispon\u00edveis s\u00e3o variados, mas todos os candidatos devem atender a algumas diretrizes estabelecidas pela Semtepi, como:<\/p>\n<ul>\n<li>N\u00e3o podem ser divulgados crit\u00e9rios de sele\u00e7\u00e3o que discriminem com base em sexo, idade, cor ou situa\u00e7\u00e3o familiar.<\/li>\n<li>Os candidatos precisam cumprir os requisitos espec\u00edficos de cada vaga divulgada.<\/li>\n<li>As orienta\u00e7\u00f5es de vestu\u00e1rio s\u00e3o obrigat\u00f3rias, com proibi\u00e7\u00e3o do uso de bermudas, minissaias, camisetas regatas e chinelos durante o atendimento.<\/li>\n<\/ul>\n<h2>Dicas para se Destacar na Entrevista<\/h2>\n<p>Para aumentar as chances de sucesso durante os processos seletivos, os candidatos podem ter em mente algumas pr\u00e1ticas recomendadas:<\/p>\n<ul>\n<li>Pesquise sobre a empresa e a fun\u00e7\u00e3o desejada.<\/li>\n<li>Seja pontual e vista-se adequadamente, respeitando as orienta\u00e7\u00f5es de vestu\u00e1rio.<\/li>\n<li>Prepare-se para poss\u00edveis perguntas sobre suas experi\u00eancias e habilidades.<\/li>\n<li>Mostre entusiasmo e interesse pela fun\u00e7\u00e3o e pela empresa.<\/li>\n<\/ul>\n<h2>A Import\u00e2ncia da Qualifica\u00e7\u00e3o Profissional<\/h2>\n<p>A busca por capacita\u00e7\u00e3o \u00e9 essencial no mercado de trabalho atual. Investir em cursos, workshops e especializa\u00e7\u00f5es pode n\u00e3o apenas enriquecer o curr\u00edculo, mas tamb\u00e9m preparar os profissionais para desafios novos e complexos que surgem no ambiente de trabalho. A qualifica\u00e7\u00e3o cont\u00ednua \u00e9 essencial para a empregabilidade em um cen\u00e1rio de alta competitividade.<\/p>\n<h2>Como a Vacina\u00e7\u00e3o \u00e9 Parte do Processo<\/h2>\n<p>A apresenta\u00e7\u00e3o do comprovante de vacina\u00e7\u00e3o \u00e9 uma exig\u00eancia fundamental para a entrada nos processos seletivos, refletindo o compromisso das autoridades de sa\u00fade com a seguran\u00e7a de todos. Manter-se vacinado \u00e9 n\u00e3o apenas uma responsabilidade individual, mas tamb\u00e9m uma contribui\u00e7\u00e3o para a sa\u00fade p\u00fablica.<\/p>\n<h2>Requisitos Obrigat\u00f3rios para Cada Vaga<\/h2>\n<p>Cada vaga anunciada possui requisitos espec\u00edficos que devem ser atendidos pelos candidatos. Algumas oportunidades exigem forma\u00e7\u00e3o e experi\u00eancia anteriores, enquanto outras podem aceitar novos candidatos no mercado de trabalho. \u00c9 crucial que os interessados verifiquem atentamente os pr\u00e9-requisitos listados para cada vaga.<\/p>\n<h2>Endere\u00e7os dos Postos do Sine Manaus<\/h2>\n<p>Os postos do Sine Manaus est\u00e3o localizados em:<\/p>\n<ul>\n<li><strong>Posto Sine Principal:<\/strong> Avenida Constantino Nery, n\u00ba 1.272, bairro S\u00e3o Geraldo, Zona Centro-Sul.<\/li>\n<li><strong>Posto Sine Shopping:<\/strong> Avenida Camapu\u00e3, n\u00ba 2.939, bairro Cidade de Deus, Zona Norte.<\/li>\n<\/ul>\n<p>Os candidatos s\u00e3o encorajados a visitar um dos locais durante o per\u00edodo de atendimento e garantir seu lugar no processo seletivo.<\/p>\n\n<div style=\"font-size: 0px; height: 0px; line-height: 0px; margin: 0; padding: 0; clear: both;\"><\/div>","protected":false},"excerpt":{"rendered":"<p>Sine Manaus oferece 641 vagas de emprego dispon\u00edveis hoje.<\/p>\n","protected":false},"author":1,"featured_media":6109,"comment_status":"closed","ping_status":"closed","sticky":false,"template":"","format":"standard","meta":{"footnotes":""},"categories":[4],"tags":[],"class_list":["post-6110","post","type-post","status-publish","format-standard","has-post-thumbnail","hentry","category-empregos-em-manaus","has_thumb"],"aioseo_notices":[],"aioseo_head":"\n\t\t<!-- All in One SEO 5.0.0.1 - aioseo.com -->\n\t<meta name=\"description\" content=\"Sine Manaus oferece 641 vagas de emprego dispon\u00edveis hoje.\" \/>\n\t<meta name=\"robots\" content=\"max-image-preview:large\" \/>\n\t<meta name=\"author\" content=\"Encontra Manaus\"\/>\n\t<link rel=\"canonical\" href=\"https:\/\/www.encontramanausam.com.br\/sobre\/sine-manaus-oferta-641-vagas-de-emprego-nesta-terca\/\" \/>\n\t<meta name=\"generator\" content=\"All in One SEO (AIOSEO) 5.0.0.1\" \/>\n\t\t<meta property=\"og:locale\" content=\"pt_BR\" \/>\n\t\t<meta property=\"og:site_name\" content=\"Encontra Manaus | Not\u00edcias, eventos, informa\u00e7\u00f5es e dicas na cidade Manaus e regi\u00e3o.\" \/>\n\t\t<meta property=\"og:type\" content=\"article\" \/>\n\t\t<meta property=\"og:title\" content=\"Sine Manaus oferta 641 vagas de emprego nesta ter\u00e7a | Encontra Manaus\" \/>\n\t\t<meta property=\"og:description\" content=\"Sine Manaus oferece 641 vagas de emprego dispon\u00edveis hoje.\" \/>\n\t\t<meta property=\"og:url\" content=\"https:\/\/www.encontramanausam.com.br\/sobre\/sine-manaus-oferta-641-vagas-de-emprego-nesta-terca\/\" \/>\n\t\t<meta property=\"article:published_time\" content=\"2026-07-29T07:32:36+00:00\" \/>\n\t\t<meta property=\"article:modified_time\" content=\"2026-07-29T07:32:36+00:00\" \/>\n\t\t<meta name=\"twitter:card\" content=\"summary\" \/>\n\t\t<meta name=\"twitter:title\" content=\"Sine Manaus oferta 641 vagas de emprego nesta ter\u00e7a | Encontra Manaus\" \/>\n\t\t<meta name=\"twitter:description\" content=\"Sine Manaus oferece 641 vagas de emprego dispon\u00edveis hoje.\" \/>\n\t\t<script type=\"application\/ld+json\" class=\"aioseo-schema\">\n\t\t\t{\"@context\":\"https:\\\/\\\/schema.org\",\"@graph\":[{\"@type\":\"Article\",\"@id\":\"https:\\\/\\\/www.encontramanausam.com.br\\\/sobre\\\/sine-manaus-oferta-641-vagas-de-emprego-nesta-terca\\\/#article\",\"name\":\"Sine Manaus oferta 641 vagas de emprego nesta ter\\u00e7a | Encontra Manaus\",\"headline\":\"Sine Manaus oferta 641 vagas de emprego nesta ter\\u00e7a\",\"author\":{\"@id\":\"https:\\\/\\\/www.encontramanausam.com.br\\\/sobre\\\/author\\\/emanausam\\\/#author\"},\"publisher\":{\"@id\":\"https:\\\/\\\/www.encontramanausam.com.br\\\/sobre\\\/#organization\"},\"image\":{\"@type\":\"ImageObject\",\"url\":\"https:\\\/\\\/www.encontramanausam.com.br\\\/sobre\\\/wp-content\\\/uploads\\\/2026\\\/07\\\/sine-manaus-oferta-641-vagas-de-emprego-nesta-terca.webp\",\"width\":280,\"height\":280,\"caption\":\"Sine Manaus\"},\"datePublished\":\"2026-07-29T04:32:36-03:00\",\"dateModified\":\"2026-07-29T04:32:36-03:00\",\"inLanguage\":\"pt-BR\",\"mainEntityOfPage\":{\"@id\":\"https:\\\/\\\/www.encontramanausam.com.br\\\/sobre\\\/sine-manaus-oferta-641-vagas-de-emprego-nesta-terca\\\/#webpage\"},\"isPartOf\":{\"@id\":\"https:\\\/\\\/www.encontramanausam.com.br\\\/sobre\\\/sine-manaus-oferta-641-vagas-de-emprego-nesta-terca\\\/#webpage\"},\"articleSection\":\"Empregos Manaus\"},{\"@type\":\"BreadcrumbList\",\"@id\":\"https:\\\/\\\/www.encontramanausam.com.br\\\/sobre\\\/sine-manaus-oferta-641-vagas-de-emprego-nesta-terca\\\/#breadcrumblist\",\"itemListElement\":[{\"@type\":\"ListItem\",\"@id\":\"https:\\\/\\\/www.encontramanausam.com.br\\\/sobre#listItem\",\"position\":1,\"name\":\"In\\u00edcio\",\"item\":\"https:\\\/\\\/www.encontramanausam.com.br\\\/sobre\",\"nextItem\":{\"@type\":\"ListItem\",\"@id\":\"https:\\\/\\\/www.encontramanausam.com.br\\\/sobre\\\/empregos-em-manaus\\\/#listItem\",\"name\":\"Empregos Manaus\"}},{\"@type\":\"ListItem\",\"@id\":\"https:\\\/\\\/www.encontramanausam.com.br\\\/sobre\\\/empregos-em-manaus\\\/#listItem\",\"position\":2,\"name\":\"Empregos Manaus\",\"item\":\"https:\\\/\\\/www.encontramanausam.com.br\\\/sobre\\\/empregos-em-manaus\\\/\",\"nextItem\":{\"@type\":\"ListItem\",\"@id\":\"https:\\\/\\\/www.encontramanausam.com.br\\\/sobre\\\/sine-manaus-oferta-641-vagas-de-emprego-nesta-terca\\\/#listItem\",\"name\":\"Sine Manaus oferta 641 vagas de emprego nesta ter\\u00e7a\"},\"previousItem\":{\"@type\":\"ListItem\",\"@id\":\"https:\\\/\\\/www.encontramanausam.com.br\\\/sobre#listItem\",\"name\":\"In\\u00edcio\"}},{\"@type\":\"ListItem\",\"@id\":\"https:\\\/\\\/www.encontramanausam.com.br\\\/sobre\\\/sine-manaus-oferta-641-vagas-de-emprego-nesta-terca\\\/#listItem\",\"position\":3,\"name\":\"Sine Manaus oferta 641 vagas de emprego nesta ter\\u00e7a\",\"previousItem\":{\"@type\":\"ListItem\",\"@id\":\"https:\\\/\\\/www.encontramanausam.com.br\\\/sobre\\\/empregos-em-manaus\\\/#listItem\",\"name\":\"Empregos Manaus\"}}]},{\"@type\":\"Organization\",\"@id\":\"https:\\\/\\\/www.encontramanausam.com.br\\\/sobre\\\/#organization\",\"name\":\"Encontra Manaus\",\"description\":\"Not\\u00edcias, eventos, informa\\u00e7\\u00f5es e dicas na cidade Manaus e regi\\u00e3o.\",\"url\":\"https:\\\/\\\/www.encontramanausam.com.br\\\/sobre\\\/\"},{\"@type\":\"Person\",\"@id\":\"https:\\\/\\\/www.encontramanausam.com.br\\\/sobre\\\/author\\\/emanausam\\\/#author\",\"url\":\"https:\\\/\\\/www.encontramanausam.com.br\\\/sobre\\\/author\\\/emanausam\\\/\",\"name\":\"Encontra Manaus\",\"image\":{\"@type\":\"ImageObject\",\"@id\":\"https:\\\/\\\/www.encontramanausam.com.br\\\/sobre\\\/sine-manaus-oferta-641-vagas-de-emprego-nesta-terca\\\/#authorImage\",\"url\":\"https:\\\/\\\/secure.gravatar.com\\\/avatar\\\/507340682b8270222e1f208e23198b6ae7e2c6a1033ae84e99bc6bce4f82a387?s=96&d=mm&r=g\",\"width\":96,\"height\":96,\"caption\":\"Encontra Manaus\"}},{\"@type\":\"WebPage\",\"@id\":\"https:\\\/\\\/www.encontramanausam.com.br\\\/sobre\\\/sine-manaus-oferta-641-vagas-de-emprego-nesta-terca\\\/#webpage\",\"url\":\"https:\\\/\\\/www.encontramanausam.com.br\\\/sobre\\\/sine-manaus-oferta-641-vagas-de-emprego-nesta-terca\\\/\",\"name\":\"Sine Manaus oferta 641 vagas de emprego nesta ter\\u00e7a | Encontra Manaus\",\"description\":\"Sine Manaus oferece 641 vagas de emprego dispon\\u00edveis hoje.\",\"inLanguage\":\"pt-BR\",\"isPartOf\":{\"@id\":\"https:\\\/\\\/www.encontramanausam.com.br\\\/sobre\\\/#website\"},\"breadcrumb\":{\"@id\":\"https:\\\/\\\/www.encontramanausam.com.br\\\/sobre\\\/sine-manaus-oferta-641-vagas-de-emprego-nesta-terca\\\/#breadcrumblist\"},\"author\":{\"@id\":\"https:\\\/\\\/www.encontramanausam.com.br\\\/sobre\\\/author\\\/emanausam\\\/#author\"},\"creator\":{\"@id\":\"https:\\\/\\\/www.encontramanausam.com.br\\\/sobre\\\/author\\\/emanausam\\\/#author\"},\"image\":{\"@type\":\"ImageObject\",\"url\":\"https:\\\/\\\/www.encontramanausam.com.br\\\/sobre\\\/wp-content\\\/uploads\\\/2026\\\/07\\\/sine-manaus-oferta-641-vagas-de-emprego-nesta-terca.webp\",\"@id\":\"https:\\\/\\\/www.encontramanausam.com.br\\\/sobre\\\/sine-manaus-oferta-641-vagas-de-emprego-nesta-terca\\\/#mainImage\",\"width\":280,\"height\":280,\"caption\":\"Sine Manaus\"},\"primaryImageOfPage\":{\"@id\":\"https:\\\/\\\/www.encontramanausam.com.br\\\/sobre\\\/sine-manaus-oferta-641-vagas-de-emprego-nesta-terca\\\/#mainImage\"},\"datePublished\":\"2026-07-29T04:32:36-03:00\",\"dateModified\":\"2026-07-29T04:32:36-03:00\"},{\"@type\":\"WebSite\",\"@id\":\"https:\\\/\\\/www.encontramanausam.com.br\\\/sobre\\\/#website\",\"url\":\"https:\\\/\\\/www.encontramanausam.com.br\\\/sobre\\\/\",\"name\":\"Encontra Manaus\",\"description\":\"Not\\u00edcias, eventos, informa\\u00e7\\u00f5es e dicas na cidade Manaus e regi\\u00e3o.\",\"inLanguage\":\"pt-BR\",\"publisher\":{\"@id\":\"https:\\\/\\\/www.encontramanausam.com.br\\\/sobre\\\/#organization\"}}]}\n\t\t<\/script>\n\t\t<!-- All in One SEO -->\n\n","aioseo_head_json":{"title":"Sine Manaus oferta 641 vagas de emprego nesta ter\u00e7a | Encontra Manaus","description":"Sine Manaus oferece 641 vagas de emprego dispon\u00edveis hoje.","canonical_url":"https:\/\/www.encontramanausam.com.br\/sobre\/sine-manaus-oferta-641-vagas-de-emprego-nesta-terca\/","robots":"max-image-preview:large","keywords":"","webmasterTools":{"miscellaneous":""},"schema":{"@context":"https:\/\/schema.org","@graph":[{"@type":"Article","@id":"https:\/\/www.encontramanausam.com.br\/sobre\/sine-manaus-oferta-641-vagas-de-emprego-nesta-terca\/#article","name":"Sine Manaus oferta 641 vagas de emprego nesta ter\u00e7a | Encontra Manaus","headline":"Sine Manaus oferta 641 vagas de emprego nesta ter\u00e7a","author":{"@id":"https:\/\/www.encontramanausam.com.br\/sobre\/author\/emanausam\/#author"},"publisher":{"@id":"https:\/\/www.encontramanausam.com.br\/sobre\/#organization"},"image":{"@type":"ImageObject","url":"https:\/\/www.encontramanausam.com.br\/sobre\/wp-content\/uploads\/2026\/07\/sine-manaus-oferta-641-vagas-de-emprego-nesta-terca.webp","width":280,"height":280,"caption":"Sine Manaus"},"datePublished":"2026-07-29T04:32:36-03:00","dateModified":"2026-07-29T04:32:36-03:00","inLanguage":"pt-BR","mainEntityOfPage":{"@id":"https:\/\/www.encontramanausam.com.br\/sobre\/sine-manaus-oferta-641-vagas-de-emprego-nesta-terca\/#webpage"},"isPartOf":{"@id":"https:\/\/www.encontramanausam.com.br\/sobre\/sine-manaus-oferta-641-vagas-de-emprego-nesta-terca\/#webpage"},"articleSection":"Empregos Manaus"},{"@type":"BreadcrumbList","@id":"https:\/\/www.encontramanausam.com.br\/sobre\/sine-manaus-oferta-641-vagas-de-emprego-nesta-terca\/#breadcrumblist","itemListElement":[{"@type":"ListItem","@id":"https:\/\/www.encontramanausam.com.br\/sobre#listItem","position":1,"name":"In\u00edcio","item":"https:\/\/www.encontramanausam.com.br\/sobre","nextItem":{"@type":"ListItem","@id":"https:\/\/www.encontramanausam.com.br\/sobre\/empregos-em-manaus\/#listItem","name":"Empregos Manaus"}},{"@type":"ListItem","@id":"https:\/\/www.encontramanausam.com.br\/sobre\/empregos-em-manaus\/#listItem","position":2,"name":"Empregos Manaus","item":"https:\/\/www.encontramanausam.com.br\/sobre\/empregos-em-manaus\/","nextItem":{"@type":"ListItem","@id":"https:\/\/www.encontramanausam.com.br\/sobre\/sine-manaus-oferta-641-vagas-de-emprego-nesta-terca\/#listItem","name":"Sine Manaus oferta 641 vagas de emprego nesta ter\u00e7a"},"previousItem":{"@type":"ListItem","@id":"https:\/\/www.encontramanausam.com.br\/sobre#listItem","name":"In\u00edcio"}},{"@type":"ListItem","@id":"https:\/\/www.encontramanausam.com.br\/sobre\/sine-manaus-oferta-641-vagas-de-emprego-nesta-terca\/#listItem","position":3,"name":"Sine Manaus oferta 641 vagas de emprego nesta ter\u00e7a","previousItem":{"@type":"ListItem","@id":"https:\/\/www.encontramanausam.com.br\/sobre\/empregos-em-manaus\/#listItem","name":"Empregos Manaus"}}]},{"@type":"Organization","@id":"https:\/\/www.encontramanausam.com.br\/sobre\/#organization","name":"Encontra Manaus","description":"Not\u00edcias, eventos, informa\u00e7\u00f5es e dicas na cidade Manaus e regi\u00e3o.","url":"https:\/\/www.encontramanausam.com.br\/sobre\/"},{"@type":"Person","@id":"https:\/\/www.encontramanausam.com.br\/sobre\/author\/emanausam\/#author","url":"https:\/\/www.encontramanausam.com.br\/sobre\/author\/emanausam\/","name":"Encontra Manaus","image":{"@type":"ImageObject","@id":"https:\/\/www.encontramanausam.com.br\/sobre\/sine-manaus-oferta-641-vagas-de-emprego-nesta-terca\/#authorImage","url":"https:\/\/secure.gravatar.com\/avatar\/507340682b8270222e1f208e23198b6ae7e2c6a1033ae84e99bc6bce4f82a387?s=96&d=mm&r=g","width":96,"height":96,"caption":"Encontra Manaus"}},{"@type":"WebPage","@id":"https:\/\/www.encontramanausam.com.br\/sobre\/sine-manaus-oferta-641-vagas-de-emprego-nesta-terca\/#webpage","url":"https:\/\/www.encontramanausam.com.br\/sobre\/sine-manaus-oferta-641-vagas-de-emprego-nesta-terca\/","name":"Sine Manaus oferta 641 vagas de emprego nesta ter\u00e7a | Encontra Manaus","description":"Sine Manaus oferece 641 vagas de emprego dispon\u00edveis hoje.","inLanguage":"pt-BR","isPartOf":{"@id":"https:\/\/www.encontramanausam.com.br\/sobre\/#website"},"breadcrumb":{"@id":"https:\/\/www.encontramanausam.com.br\/sobre\/sine-manaus-oferta-641-vagas-de-emprego-nesta-terca\/#breadcrumblist"},"author":{"@id":"https:\/\/www.encontramanausam.com.br\/sobre\/author\/emanausam\/#author"},"creator":{"@id":"https:\/\/www.encontramanausam.com.br\/sobre\/author\/emanausam\/#author"},"image":{"@type":"ImageObject","url":"https:\/\/www.encontramanausam.com.br\/sobre\/wp-content\/uploads\/2026\/07\/sine-manaus-oferta-641-vagas-de-emprego-nesta-terca.webp","@id":"https:\/\/www.encontramanausam.com.br\/sobre\/sine-manaus-oferta-641-vagas-de-emprego-nesta-terca\/#mainImage","width":280,"height":280,"caption":"Sine Manaus"},"primaryImageOfPage":{"@id":"https:\/\/www.encontramanausam.com.br\/sobre\/sine-manaus-oferta-641-vagas-de-emprego-nesta-terca\/#mainImage"},"datePublished":"2026-07-29T04:32:36-03:00","dateModified":"2026-07-29T04:32:36-03:00"},{"@type":"WebSite","@id":"https:\/\/www.encontramanausam.com.br\/sobre\/#website","url":"https:\/\/www.encontramanausam.com.br\/sobre\/","name":"Encontra Manaus","description":"Not\u00edcias, eventos, informa\u00e7\u00f5es e dicas na cidade Manaus e regi\u00e3o.","inLanguage":"pt-BR","publisher":{"@id":"https:\/\/www.encontramanausam.com.br\/sobre\/#organization"}}]},"og:locale":"pt_BR","og:site_name":"Encontra Manaus | Not\u00edcias, eventos, informa\u00e7\u00f5es e dicas na cidade Manaus e regi\u00e3o.","og:type":"article","og:title":"Sine Manaus oferta 641 vagas de emprego nesta ter\u00e7a | Encontra Manaus","og:description":"Sine Manaus oferece 641 vagas de emprego dispon\u00edveis hoje.","og:url":"https:\/\/www.encontramanausam.com.br\/sobre\/sine-manaus-oferta-641-vagas-de-emprego-nesta-terca\/","article:published_time":"2026-07-29T07:32:36+00:00","article:modified_time":"2026-07-29T07:32:36+00:00","twitter:card":"summary","twitter:title":"Sine Manaus oferta 641 vagas de emprego nesta ter\u00e7a | Encontra Manaus","twitter:description":"Sine Manaus oferece 641 vagas de emprego dispon\u00edveis hoje."},"aioseo_meta_data":{"post_id":"6110","title":null,"description":null,"keywords":null,"keyphrases":null,"primary_term":null,"canonical_url":null,"og_title":null,"og_description":null,"og_object_type":"default","og_image_type":"default","og_image_url":null,"og_image_width":null,"og_image_height":null,"og_image_custom_url":null,"og_image_custom_fields":null,"og_video":null,"og_custom_url":null,"og_article_section":null,"og_article_tags":null,"twitter_use_og":false,"twitter_card":"default","twitter_image_type":"default","twitter_image_url":null,"twitter_image_custom_url":null,"twitter_image_custom_fields":null,"twitter_title":null,"twitter_description":null,"schema":{"blockGraphs":[],"customGraphs":[],"default":{"data":{"Article":[],"Course":[],"Dataset":[],"FAQPage":[],"Movie":[],"Person":[],"Product":[],"ProductReview":[],"Car":[],"Recipe":[],"Service":[],"SoftwareApplication":[],"WebPage":[]},"graphName":"Article","isEnabled":true},"graphs":[]},"schema_type":"default","schema_type_options":null,"pillar_content":false,"robots_default":true,"robots_noindex":false,"robots_noarchive":false,"robots_nosnippet":false,"robots_nofollow":false,"robots_noimageindex":false,"robots_noodp":false,"robots_notranslate":false,"robots_max_snippet":null,"robots_max_videopreview":null,"robots_max_imagepreview":"large","priority":null,"frequency":null,"local_seo":null,"breadcrumb_settings":null,"limit_modified_date":false,"ai":null,"created":"2026-07-29 07:32:37","updated":"2026-07-29 07:33:33","focus_keyword":null,"additional_keywords":null,"truseo_locale":null,"seo_analyzer_scan_date":null},"aioseo_breadcrumb":"<div class=\"aioseo-breadcrumbs\"><span class=\"aioseo-breadcrumb\">\n\t\t\t<a href=\"https:\/\/www.encontramanausam.com.br\/sobre\" title=\"In\u00edcio\">In\u00edcio<\/a>\n\t\t<\/span><span class=\"aioseo-breadcrumb-separator\">&raquo;<\/span><span class=\"aioseo-breadcrumb\">\n\t\t\t<a href=\"https:\/\/www.encontramanausam.com.br\/sobre\/empregos-em-manaus\/\" title=\"Empregos Manaus\">Empregos Manaus<\/a>\n\t\t<\/span><span class=\"aioseo-breadcrumb-separator\">&raquo;<\/span><span class=\"aioseo-breadcrumb\">\n\t\t\tSine Manaus oferta 641 vagas de emprego nesta ter\u00e7a\n\t\t<\/span><\/div>","aioseo_breadcrumb_json":[{"label":"In\u00edcio","link":"https:\/\/www.encontramanausam.com.br\/sobre"},{"label":"Empregos Manaus","link":"https:\/\/www.encontramanausam.com.br\/sobre\/empregos-em-manaus\/"},{"label":"Sine Manaus oferta 641 vagas de emprego nesta ter\u00e7a","link":"https:\/\/www.encontramanausam.com.br\/sobre\/sine-manaus-oferta-641-vagas-de-emprego-nesta-terca\/"}],"_links":{"self":[{"href":"https:\/\/www.encontramanausam.com.br\/sobre\/wp-json\/wp\/v2\/posts\/6110","targetHints":{"allow":["GET"]}}],"collection":[{"href":"https:\/\/www.encontramanausam.com.br\/sobre\/wp-json\/wp\/v2\/posts"}],"about":[{"href":"https:\/\/www.encontramanausam.com.br\/sobre\/wp-json\/wp\/v2\/types\/post"}],"author":[{"embeddable":true,"href":"https:\/\/www.encontramanausam.com.br\/sobre\/wp-json\/wp\/v2\/users\/1"}],"replies":[{"embeddable":true,"href":"https:\/\/www.encontramanausam.com.br\/sobre\/wp-json\/wp\/v2\/comments?post=6110"}],"version-history":[{"count":0,"href":"https:\/\/www.encontramanausam.com.br\/sobre\/wp-json\/wp\/v2\/posts\/6110\/revisions"}],"wp:featuredmedia":[{"embeddable":true,"href":"https:\/\/www.encontramanausam.com.br\/sobre\/wp-json\/wp\/v2\/media\/6109"}],"wp:attachment":[{"href":"https:\/\/www.encontramanausam.com.br\/sobre\/wp-json\/wp\/v2\/media?parent=6110"}],"wp:term":[{"taxonomy":"category","embeddable":true,"href":"https:\/\/www.encontramanausam.com.br\/sobre\/wp-json\/wp\/v2\/categories?post=6110"},{"taxonomy":"post_tag","embeddable":true,"href":"https:\/\/www.encontramanausam.com.br\/sobre\/wp-json\/wp\/v2\/tags?post=6110"}],"curies":[{"name":"wp","href":"https:\/\/api.w.org\/{rel}","templated":true}]}}