{"id":5540,"date":"2026-05-03T02:48:06","date_gmt":"2026-05-03T05:48:06","guid":{"rendered":"https:\/\/www.encontramanausam.com.br\/sobre\/prefeito-renato-junior-discute-com-bid-investimentos-para-ampliar-rede-municipal-de-educacao\/"},"modified":"2026-05-03T02:48:06","modified_gmt":"2026-05-03T05:48:06","slug":"prefeito-renato-junior-discute-com-bid-investimentos-para-ampliar-rede-municipal-de-educacao","status":"publish","type":"post","link":"https:\/\/www.encontramanausam.com.br\/sobre\/prefeito-renato-junior-discute-com-bid-investimentos-para-ampliar-rede-municipal-de-educacao\/","title":{"rendered":"Prefeito Renato Junior discute com BID investimentos para ampliar rede municipal de educa\u00e7\u00e3o"},"content":{"rendered":"<div class=\"882fdd0d88065009358e99f1a9406c55\" data-index=\"1\" style=\"float: none; margin:0px;\">\n<script async src=\"https:\/\/pagead2.googlesyndication.com\/pagead\/js\/adsbygoogle.js?client=ca-pub-8585364105181520\"\r\n     crossorigin=\"anonymous\"><\/script>\r\n<!-- Anuncio display - global -->\r\n<ins class=\"adsbygoogle\"\r\n     style=\"display:block\"\r\n     data-ad-client=\"ca-pub-8585364105181520\"\r\n     data-ad-slot=\"8789329856\"\r\n     data-ad-format=\"auto\"\r\n     data-full-width-responsive=\"true\"><\/ins>\r\n<script>\r\n     (adsbygoogle = window.adsbygoogle || []).push({});\r\n<\/script>\n<\/div>\n<h2>Objetivos da Reuni\u00e3o com o BID<\/h2>\n<p>No dia 28 de abril, o prefeito Renato Junior, ao lado do secret\u00e1rio Arone Bentes da Secretaria Municipal de Educa\u00e7\u00e3o (Semed), se reuniu com representantes do Banco Interamericano de Desenvolvimento (BID). O principal prop\u00f3sito deste encontro foi discutir o progresso da segunda fase do Programa de Expans\u00e3o e Melhoria Educacional da Rede Municipal de Manaus, conhecido como Proemem II. Um dos focos centrais da reuni\u00e3o foi reafirmar a colabora\u00e7\u00e3o existente, visando a amplia\u00e7\u00e3o da infraestrutura educacional da cidade, que inclui a previs\u00e3o de constru\u00e7\u00e3o de 14 novas unidades.<\/p>\n<h2>Parceria com o BID na Educa\u00e7\u00e3o<\/h2>\n<p>A rela\u00e7\u00e3o estabelecida entre a Prefeitura de Manaus e o BID tem se mostrado vantajosa, permitindo avan\u00e7os significativos na educa\u00e7\u00e3o local. O BID tem sido um parceiro estrat\u00e9gico, oferecendo suporte financeiro essencial para a execu\u00e7\u00e3o de projetos focados no desenvolvimento das capacidades educativas e na qualidade das instala\u00e7\u00f5es escolares. Durante o encontro, as partes discutiram a import\u00e2ncia de continuar essa colabora\u00e7\u00e3o, que j\u00e1 trouxe resultados positivos e impulsionou melhorias em v\u00e1rias frentes.<\/p>\n<h2>Resultados da Primeira Fase do Programa<\/h2>\n<p>A primeira fase do Proemem se destacou por ter resultado na constru\u00e7\u00e3o e reforma de sete creches e nove Centros Integrados Municipais de Educa\u00e7\u00e3o (Cimes). Essas a\u00e7\u00f5es n\u00e3o apenas proporcionaram melhores espa\u00e7os f\u00edsicos para o aprendizado, mas tamb\u00e9m impulsionaram programas pedag\u00f3gicos voltados para a alfabetiza\u00e7\u00e3o e o refor\u00e7o escolar. Esses resultados tang\u00edveis evidenciam a import\u00e2ncia do investimento em infraestrutura educacional e em iniciativas voltadas para o aprimoramento do desempenho dos alunos.<\/p>\n<p><img decoding=\"async\" src=\"https:\/\/www.encontramanausam.com.br\/sobre\/wp-content\/uploads\/2026\/05\/prefeito-renato-junior-discute-com-bid-investimentos-para-ampliar-rede-municipal-de-educacao.webp\" alt=\"expans\u00e3o da rede municipal de educa\u00e7\u00e3o\" loading=\"lazy\" \/><\/p>\n<h2>Novas Obras Planejadas em Manaus<\/h2>\n<p>O planejamento para a segunda etapa do programa visa expandir ainda mais a rede educacional de Manaus, priorizando a constru\u00e7\u00e3o de novas creches e centros que atendam \u00e0 demanda crescente da popula\u00e7\u00e3o. As localidades que receber\u00e3o as novas obras est\u00e3o principalmente nas zonas Norte e Leste da cidade, \u00e1reas que enfrentam a necessidade urgente de vagas em institui\u00e7\u00f5es de ensino e que carecem de infraestrutura adequada.<\/p>\n<h2>Import\u00e2ncia da Infraestrutura Educacional<\/h2>\n<p>Um dos pontos destacados por Renato Junior foi a relev\u00e2ncia de garantir uma infraestrutura educacional robusta, que possa atender com efici\u00eancia as demandas da popula\u00e7\u00e3o. O prefeito enfatizou que a continuidade da parceria com o BID \u00e9 fundamental para a melhoria das condi\u00e7\u00f5es de ensino e aprendizagem, impactando diretamente no crescimento da cidade e na forma\u00e7\u00e3o dos cidad\u00e3os.<\/p>\n<h2>Iniciativas de Combate ao Absente\u00edsmo<\/h2>\n<p>Al\u00e9m das obras e da constru\u00e7\u00e3o de novas unidades, os investimentos tamb\u00e9m ser\u00e3o direcionados para iniciativas de combate ao absente\u00edsmo escolar. O programa abrange estrat\u00e9gias que visam a perman\u00eancia dos alunos nas escolas e o aumento do engajamento dos familiares na educa\u00e7\u00e3o dos seus filhos, criando um ambiente mais propenso ao aprendizado e ao desenvolvimento individual dos estudantes.<\/p>\n<h2>Desempenho da Rede Municipal no IDEB<\/h2>\n<p>A parceria com o BID tem contribu\u00eddo para o avan\u00e7o das taxas de aprova\u00e7\u00e3o e melhora no desempenho das avalia\u00e7\u00f5es de leitura e matem\u00e1tica nas escolas da rede municipal. Tais resultados refletem no \u00cdndice de Desenvolvimento da Educa\u00e7\u00e3o B\u00e1sica (Ideb) de Manaus, levando a cidade a superar metas educacionais que eram consideradas desafiadoras. Esse progresso no IDEB demonstra que os investimentos na educa\u00e7\u00e3o come\u00e7am a refletir em resultados mais concretos e satisfat\u00f3rios.<\/p>\n<h2>Investimentos nas Zonas Norte e Leste<\/h2>\n<p>O secret\u00e1rio Arone Bentes destacou que os novos investimentos pretendem focar as zonas Norte e Leste de Manaus, que t\u00eam uma demanda crescente por creches e outros espa\u00e7os educacionais. A meta \u00e9 garantir que estas regi\u00f5es recebam a aten\u00e7\u00e3o e os recursos necess\u00e1rios para fortalecer a educa\u00e7\u00e3o infantil e prim\u00e1ria, proporcionando acesso a uma educa\u00e7\u00e3o de qualidade para todos os cidad\u00e3os.<\/p>\n<h2>Avan\u00e7os Educacionais em Manaus<\/h2>\n<p>As iniciativas promovidas pela Prefeitura, em colabora\u00e7\u00e3o com o BID, buscam n\u00e3o apenas aumentar o n\u00famero de vagas, mas tamb\u00e9m melhorar a qualidade da educa\u00e7\u00e3o oferecida nas escolas municipais. Com a constru\u00e7\u00e3o de novas unidades e a reforma de escolas j\u00e1 existentes, espera-se uma transforma\u00e7\u00e3o significativa no cen\u00e1rio educacional da cidade.<\/p>\n<h2>Pr\u00f3ximos Passos na Parceria com o BID<\/h2>\n<p>As equipes t\u00e9cnicas da Semed e do BID se reunir\u00e3o novamente para discutir e alinhar as pr\u00f3ximas fases da parceria, garantindo que as propostas de financiamento sejam adequadas \u00e0s necessidades identificadas no campo educacional. Essas discuss\u00f5es s\u00e3o cruciais para que a cidade continue avan\u00e7ando em sua infraestrutura educacional e, consequentemente, nos \u00edndices de desenvolvimento educacional. A an\u00e1lise cont\u00ednua e a adapta\u00e7\u00e3o das estrat\u00e9gias ser\u00e3o fundamentais para o sucesso das a\u00e7\u00f5es futuras.<\/p>\n\n<div style=\"font-size: 0px; height: 0px; line-height: 0px; margin: 0; padding: 0; clear: both;\"><\/div>","protected":false},"excerpt":{"rendered":"<p>Renato Junior discute com BID investimentos para a educa\u00e7\u00e3o em Manaus.<\/p>\n","protected":false},"author":1,"featured_media":5539,"comment_status":"closed","ping_status":"closed","sticky":false,"template":"","format":"standard","meta":{"footnotes":""},"categories":[1],"tags":[],"class_list":["post-5540","post","type-post","status-publish","format-standard","has-post-thumbnail","hentry","category-noticias-em-manaus","has_thumb"],"aioseo_notices":[],"_links":{"self":[{"href":"https:\/\/www.encontramanausam.com.br\/sobre\/wp-json\/wp\/v2\/posts\/5540","targetHints":{"allow":["GET"]}}],"collection":[{"href":"https:\/\/www.encontramanausam.com.br\/sobre\/wp-json\/wp\/v2\/posts"}],"about":[{"href":"https:\/\/www.encontramanausam.com.br\/sobre\/wp-json\/wp\/v2\/types\/post"}],"author":[{"embeddable":true,"href":"https:\/\/www.encontramanausam.com.br\/sobre\/wp-json\/wp\/v2\/users\/1"}],"replies":[{"embeddable":true,"href":"https:\/\/www.encontramanausam.com.br\/sobre\/wp-json\/wp\/v2\/comments?post=5540"}],"version-history":[{"count":0,"href":"https:\/\/www.encontramanausam.com.br\/sobre\/wp-json\/wp\/v2\/posts\/5540\/revisions"}],"wp:featuredmedia":[{"embeddable":true,"href":"https:\/\/www.encontramanausam.com.br\/sobre\/wp-json\/wp\/v2\/media\/5539"}],"wp:attachment":[{"href":"https:\/\/www.encontramanausam.com.br\/sobre\/wp-json\/wp\/v2\/media?parent=5540"}],"wp:term":[{"taxonomy":"category","embeddable":true,"href":"https:\/\/www.encontramanausam.com.br\/sobre\/wp-json\/wp\/v2\/categories?post=5540"},{"taxonomy":"post_tag","embeddable":true,"href":"https:\/\/www.encontramanausam.com.br\/sobre\/wp-json\/wp\/v2\/tags?post=5540"}],"curies":[{"name":"wp","href":"https:\/\/api.w.org\/{rel}","templated":true}]}}