{"id":5534,"date":"2026-05-02T02:46:23","date_gmt":"2026-05-02T05:46:23","guid":{"rendered":"https:\/\/www.encontramanausam.com.br\/sobre\/recuperacao-de-galeria-profunda-no-conjunto-canaranas\/"},"modified":"2026-05-02T02:46:23","modified_gmt":"2026-05-02T05:46:23","slug":"recuperacao-de-galeria-profunda-no-conjunto-canaranas","status":"publish","type":"post","link":"https:\/\/www.encontramanausam.com.br\/sobre\/recuperacao-de-galeria-profunda-no-conjunto-canaranas\/","title":{"rendered":"Recupera\u00e7\u00e3o de galeria profunda no conjunto Canaranas"},"content":{"rendered":"<div class=\"882fdd0d88065009358e99f1a9406c55\" data-index=\"1\" style=\"float: none; margin:0px;\">\n<script async src=\"https:\/\/pagead2.googlesyndication.com\/pagead\/js\/adsbygoogle.js?client=ca-pub-8585364105181520\"\r\n     crossorigin=\"anonymous\"><\/script>\r\n<!-- Anuncio display - global -->\r\n<ins class=\"adsbygoogle\"\r\n     style=\"display:block\"\r\n     data-ad-client=\"ca-pub-8585364105181520\"\r\n     data-ad-slot=\"8789329856\"\r\n     data-ad-format=\"auto\"\r\n     data-full-width-responsive=\"true\"><\/ins>\r\n<script>\r\n     (adsbygoogle = window.adsbygoogle || []).push({});\r\n<\/script>\n<\/div>\n<h2>Objetivo da Recupera\u00e7\u00e3o<\/h2>\n<p>A recupera\u00e7\u00e3o da galeria profunda no conjunto Canaranas visa principalmente melhorar o sistema de drenagem na regi\u00e3o, contribuindo para a diminui\u00e7\u00e3o dos problemas causados pelas chuvas intensas. Este tipo de interven\u00e7\u00e3o \u00e9 crucial para a infraestrutura urbana, uma vez que almeja proporcionar maior seguran\u00e7a e conforto \u00e0 popula\u00e7\u00e3o local ao mitig\u00e1-los contra alagamentos e seus efeitos prejudiciais.<\/p>\n<h2>In\u00edcio da Obra<\/h2>\n<p>A obra foi iniciada na quarta-feira, dia 29 de abril de 2026, e envolveu servi\u00e7os de recupera\u00e7\u00e3o na interse\u00e7\u00e3o da rua K com a rua A. A Secretaria Municipal de Infraestrutura (Seminf) se encarregou de realizar essa interven\u00e7\u00e3o, que foi planejada estrategicamente para atender \u00e0s demandas urgentes da comunidade, especialmente em per\u00edodos de chuvas intensas.<\/p>\n<h2>Desafios Enfrentados<\/h2>\n<p>Os desafios a serem superados foram numerosos e a equipe t\u00e9cnica teve que lidar com a deteriora\u00e7\u00e3o avan\u00e7ada da antiga estrutura da galeria. O desgaste natural causado pela passagem do tempo e pelo volume elevado de chuvas exigiu uma abordagem cuidadosa e t\u00e9cnica. O uso de maquin\u00e1rio pesado foi essencial para garantir que os servi\u00e7os fossem executados com a efici\u00eancia necess\u00e1ria, evitando complica\u00e7\u00f5es adicionais durante o processo.<\/p>\n<p><img decoding=\"async\" src=\"https:\/\/www.encontramanausam.com.br\/sobre\/wp-content\/uploads\/2026\/05\/recuperacao-de-galeria-profunda-no-conjunto-canaranas.webp\" alt=\"recupera\u00e7\u00e3o de galeria profunda\" loading=\"lazy\" \/><\/p>\n<h2>A Import\u00e2ncia da Drenagem<\/h2>\n<p>Um sistema de drenagem eficaz \u00e9 vital para qualquer cidade, pois impede alagamentos, garante a circula\u00e7\u00e3o adequada das \u00e1guas pluviais e mant\u00e9m a sa\u00fade p\u00fablica. A recupera\u00e7\u00e3o da galeria profunda no conjunto Canaranas n\u00e3o apenas melhora a infraestrutura local, mas tamb\u00e9m preserva a qualidade de vida dos residentes, reduzindo os riscos de problemas como o entupimento de vias e o aumento de doen\u00e7as relacionadas \u00e0 \u00e1gua.<\/p>\n<h2>Declara\u00e7\u00f5es do Secret\u00e1rio<\/h2>\n<p>Madson Rodrigues, secret\u00e1rio municipal de Infraestrutura, enfatizou a import\u00e2ncia dessa obra, compartilhando a vis\u00e3o da administra\u00e7\u00e3o em atuar rapidamente nas necessidades da popula\u00e7\u00e3o. Ele declarou: &#8220;Ao chegarmos a uma \u00e1rea como essa, encontramos n\u00e3o apenas um problema estrutural, mas um grande temor por parte dos moradores. A miss\u00e3o do prefeito Renato Junior \u00e9 resolver esses problemas de forma duradoura. Por isso, estamos substituindo os tubos deteriorados por modelos novos e mais robustos, assegurando que o sistema funcione eficazmente, especialmente durante as chuvas&#8221;.<\/p>\n<h2>Detalhes T\u00e9cnicos da Interven\u00e7\u00e3o<\/h2>\n<p>A interven\u00e7\u00e3o incluiu a substitui\u00e7\u00e3o de 15 metros de tubula\u00e7\u00e3o antiga por novas estruturas em concreto armado. Al\u00e9m disso, foram realizadas a\u00e7\u00f5es de desobstru\u00e7\u00e3o em quatro caixas coletoras, trabalhando para restaurar a capacidade de escoamento da via, fundamental para evitar futuros alagamentos. Esses detalhes t\u00e9cnicos foram fundamentais para um sistema que atenda \u00e0s exig\u00eancias da regi\u00e3o e suporte as intemp\u00e9ries.<\/p>\n<h2>Benef\u00edcios para os Moradores<\/h2>\n<p>Os moradores da regi\u00e3o ter\u00e3o benef\u00edcios significativos com essa recupera\u00e7\u00e3o. A obra n\u00e3o s\u00f3 minimizar\u00e1 os riscos de alagamentos, mas tamb\u00e9m garantir\u00e1 um tr\u00e2nsito mais fluido e seguro, especialmente em dias de chuvas torrenciais. Isso se traduz em maior qualidade de vida e tranquilidade na rotina di\u00e1ria dos cidad\u00e3os, que poder\u00e3o se deslocar sem preocupa\u00e7\u00f5es adicionais.<\/p>\n<h2>Pr\u00f3ximas Etapas do Projeto<\/h2>\n<p>As pr\u00f3ximas etapas da recupera\u00e7\u00e3o da infraestrutura urbana incluem a continuidade das a\u00e7\u00f5es de manuten\u00e7\u00e3o e recupera\u00e7\u00e3o em outros pontos da zona Norte. A Seminf est\u00e1 comprometida em executar essas obras de forma coordenada, prevenindo problemas futuros e assegurando a moderniza\u00e7\u00e3o necess\u00e1ria da infraestrutura p\u00fablica.<\/p>\n<h2>A\u00e7\u00f5es Futuras da Prefeitura<\/h2>\n<p>A Prefeitura de Manaus tem como plano intensificar suas obras de recupera\u00e7\u00e3o e melhoria em v\u00e1rias regi\u00f5es da cidade. Essas a\u00e7\u00f5es visam n\u00e3o apenas atender \u00e0s demandas emergenciais, mas tamb\u00e9m desenvolver uma infraestrutura que seja sustent\u00e1vel e capaz de suportar a din\u00e2mica clim\u00e1tica da regi\u00e3o, proporcionando maior seguran\u00e7a \u00e0 popula\u00e7\u00e3o.<\/p>\n<h2>Significado para a Comunidade<\/h2>\n<p>A recupera\u00e7\u00e3o da galeria profunda no conjunto Canaranas representa um comprometimento claro da gest\u00e3o p\u00fablica em ouvir e agir sobre as necessidades dos cidad\u00e3os. Para a comunidade, essa obra \u00e9 um relato de que suas preocupa\u00e7\u00f5es s\u00e3o levadas a s\u00e9rio e que medidas est\u00e3o sendo tomadas para melhorar as condi\u00e7\u00f5es de vida na regi\u00e3o. Esse tipo de a\u00e7\u00e3o fortalece a confian\u00e7a entre a popula\u00e7\u00e3o e a administra\u00e7\u00e3o p\u00fablica, promovendo um desenvolvimento urbano mais estrat\u00e9gico e inclusivo.<\/p>\n\n<div style=\"font-size: 0px; height: 0px; line-height: 0px; margin: 0; padding: 0; clear: both;\"><\/div>","protected":false},"excerpt":{"rendered":"<p>Recupera\u00e7\u00e3o de galeria profunda em Manaus fortalece combate a alagamentos.<\/p>\n","protected":false},"author":1,"featured_media":5533,"comment_status":"closed","ping_status":"closed","sticky":false,"template":"","format":"standard","meta":{"footnotes":""},"categories":[1],"tags":[],"class_list":["post-5534","post","type-post","status-publish","format-standard","has-post-thumbnail","hentry","category-noticias-em-manaus","has_thumb"],"aioseo_notices":[],"_links":{"self":[{"href":"https:\/\/www.encontramanausam.com.br\/sobre\/wp-json\/wp\/v2\/posts\/5534","targetHints":{"allow":["GET"]}}],"collection":[{"href":"https:\/\/www.encontramanausam.com.br\/sobre\/wp-json\/wp\/v2\/posts"}],"about":[{"href":"https:\/\/www.encontramanausam.com.br\/sobre\/wp-json\/wp\/v2\/types\/post"}],"author":[{"embeddable":true,"href":"https:\/\/www.encontramanausam.com.br\/sobre\/wp-json\/wp\/v2\/users\/1"}],"replies":[{"embeddable":true,"href":"https:\/\/www.encontramanausam.com.br\/sobre\/wp-json\/wp\/v2\/comments?post=5534"}],"version-history":[{"count":0,"href":"https:\/\/www.encontramanausam.com.br\/sobre\/wp-json\/wp\/v2\/posts\/5534\/revisions"}],"wp:featuredmedia":[{"embeddable":true,"href":"https:\/\/www.encontramanausam.com.br\/sobre\/wp-json\/wp\/v2\/media\/5533"}],"wp:attachment":[{"href":"https:\/\/www.encontramanausam.com.br\/sobre\/wp-json\/wp\/v2\/media?parent=5534"}],"wp:term":[{"taxonomy":"category","embeddable":true,"href":"https:\/\/www.encontramanausam.com.br\/sobre\/wp-json\/wp\/v2\/categories?post=5534"},{"taxonomy":"post_tag","embeddable":true,"href":"https:\/\/www.encontramanausam.com.br\/sobre\/wp-json\/wp\/v2\/tags?post=5534"}],"curies":[{"name":"wp","href":"https:\/\/api.w.org\/{rel}","templated":true}]}}