{"id":5522,"date":"2026-04-30T03:00:54","date_gmt":"2026-04-30T06:00:54","guid":{"rendered":"https:\/\/www.encontramanausam.com.br\/sobre\/68a-edicao-do-festival-folclorico-do-amazonas\/"},"modified":"2026-04-30T03:00:54","modified_gmt":"2026-04-30T06:00:54","slug":"68a-edicao-do-festival-folclorico-do-amazonas","status":"publish","type":"post","link":"https:\/\/www.encontramanausam.com.br\/sobre\/68a-edicao-do-festival-folclorico-do-amazonas\/","title":{"rendered":"68\u00aa Edi\u00e7\u00e3o do Festival Folcl\u00f3rico do Amazonas"},"content":{"rendered":"<div class=\"882fdd0d88065009358e99f1a9406c55\" data-index=\"1\" style=\"float: none; margin:0px;\">\n<script async src=\"https:\/\/pagead2.googlesyndication.com\/pagead\/js\/adsbygoogle.js?client=ca-pub-8585364105181520\"\r\n     crossorigin=\"anonymous\"><\/script>\r\n<!-- Anuncio display - global -->\r\n<ins class=\"adsbygoogle\"\r\n     style=\"display:block\"\r\n     data-ad-client=\"ca-pub-8585364105181520\"\r\n     data-ad-slot=\"8789329856\"\r\n     data-ad-format=\"auto\"\r\n     data-full-width-responsive=\"true\"><\/ins>\r\n<script>\r\n     (adsbygoogle = window.adsbygoogle || []).push({});\r\n<\/script>\n<\/div>\n<h2>O que \u00e9 o Festival Folcl\u00f3rico do Amazonas?<\/h2>\n<p>O Festival Folcl\u00f3rico do Amazonas \u00e9 uma celebra\u00e7\u00e3o vibrante e significativa que destaca a rica heran\u00e7a cultural da regi\u00e3o. Este evento anual re\u00fane diversas manifesta\u00e7\u00f5es art\u00edsticas, como dan\u00e7as, m\u00fasicas e tradi\u00e7\u00f5es populares que refletem a identidade do povo amazonense. A mais recente edi\u00e7\u00e3o, a 68\u00aa, foi idealizada pela Prefeitura de Manaus, atrav\u00e9s da Funda\u00e7\u00e3o Municipal de Cultura, Turismo e Eventos (ManausCult), revelando a import\u00e2ncia do festival na preserva\u00e7\u00e3o das tradi\u00e7\u00f5es locais.<\/p>\n<h2>Hist\u00f3ria e import\u00e2ncia do festival<\/h2>\n<p>Inaugurado h\u00e1 68 anos, o Festival Folcl\u00f3rico do Amazonas se consolidou como uma das maiores celebra\u00e7\u00f5es culturais do Brasil. Originalmente, o festival surgiu como um meio de preservar e promover os costumes e tradi\u00e7\u00f5es da popula\u00e7\u00e3o amaz\u00f4nica, que s\u00e3o ricas e variadas, com influ\u00eancias ind\u00edgenas, africanas e portuguesas. Ao longo das d\u00e9cadas, o evento cresceu, incorporando novas propostas art\u00edsticas e atraindo um p\u00fablico cada vez maior, tornando-se uma refer\u00eancia n\u00e3o apenas no Amazonas, mas em todo o pa\u00eds.<\/p>\n<h2>Quando e onde acontece o evento<\/h2>\n<p>A 68\u00aa edi\u00e7\u00e3o do Festival Folcl\u00f3rico do Amazonas ocorreu entre os dias 23 e 26 de abril, no mirante L\u00facia Almeida, localizado no centro hist\u00f3rico de Manaus. O evento contou com uma programa\u00e7\u00e3o recheada de atividades, que inclu\u00edram ensaios abertos e apresenta\u00e7\u00f5es folcl\u00f3ricas dentro de um ambiente familiar e acolhedor.<\/p>\n<p><img decoding=\"async\" src=\"https:\/\/www.encontramanausam.com.br\/sobre\/wp-content\/uploads\/2026\/04\/68-edicao-do-festival-folclorico-do-amazonas.webp\" alt=\"Festival Folcl\u00f3rico do Amazonas\" loading=\"lazy\" \/><\/p>\n<h2>Programa\u00e7\u00e3o do festival neste ano<\/h2>\n<p>A programa\u00e7\u00e3o do festival foi diversificada, apresentando uma variedade de quadrilhas, dan\u00e7as, cirandas e outros estilos tradicionais, permitindo que os visitantes desfrutassem de uma amostra aut\u00eantica da cultura local. As apresenta\u00e7\u00f5es noturnas, que tiveram in\u00edcio \u00e0s 19h, foram especialmente projetadas para possibilitar a participa\u00e7\u00e3o do p\u00fablico em um espa\u00e7o amplo e acess\u00edvel, garantindo a divers\u00e3o de todos os presentes.<\/p>\n<h2>Destaques das apresenta\u00e7\u00f5es folcl\u00f3ricas<\/h2>\n<p>Entre os destaques do festival, estavam as performances de mais de 90 grupos folcl\u00f3ricos, cada um trazendo suas tradi\u00e7\u00f5es e hist\u00f3rias para o palco. As apresenta\u00e7\u00f5es variaram de dan\u00e7as t\u00edpicas, como a ciranda e o boi bumb\u00e1, a m\u00fasicas que narram a vida e os costumes do povo da Amaz\u00f4nia, criando uma atmosfera vibrante e envolvente que emocionou o p\u00fablico.<\/p>\n<h2>Comidas t\u00edpicas que voc\u00ea pode experimentar<\/h2>\n<p>O festival n\u00e3o se limitou apenas \u00e0s manifesta\u00e7\u00f5es art\u00edsticas. A gastronomia local tamb\u00e9m teve um grande espa\u00e7o, oferecendo pratos t\u00edpicos da regi\u00e3o, como a mani\u00e7oba, tacac\u00e1, e o famoso a\u00e7a\u00ed. Os visitantes puderam saborear uma variedade de del\u00edcias em barracas preparadas especialmente para o evento, experimentando a diversidade culin\u00e1ria que caracteriza a cultura amaz\u00f4nica.<\/p>\n<h2>O papel do festival na economia local<\/h2>\n<p>Al\u00e9m de ser um evento cultural, o Festival Folcl\u00f3rico do Amazonas desempenha um papel fundamental na economia da regi\u00e3o. Atraindo milhares de turistas e cidad\u00e3os, o festival movimenta diversas atividades econ\u00f4micas, desde a hotelaria at\u00e9 o com\u00e9rcio de alimentos e artesanato. Com isso, gera oportunidades de emprego e renda para muitos trabalhadores locais, contribuindo para o fortalecimento da economia criativa da cidade.<\/p>\n<h2>Como chegar ao mirante L\u00facia Almeida<\/h2>\n<p>O mirante L\u00facia Almeida, situado na \u00e1rea central de Manaus, \u00e9 de f\u00e1cil acesso para todos que desejam participar do festival. Os visitantes podem chegar at\u00e9 o local por meio de transporte p\u00fablico, t\u00e1xis ou aplicativos de carona. Al\u00e9m disso, o evento oferece estacionamento gratuito, garantindo que as fam\u00edlias tenham um acesso facilitado e confort\u00e1vel.<\/p>\n<h2>Acessibilidade e infraestrutura do evento<\/h2>\n<p>A organiza\u00e7\u00e3o do festival teve um cuidado especial com a acessibilidade, oferecendo um espa\u00e7o preparado para acolher todos, incluindo pessoas com defici\u00eancia. Com uma infraestrutura adequada, o mirante L\u00facia Almeida contou com rampas, banheiros adaptados e \u00e1reas amplas para garantir que todos os visitantes pudessem aproveitar as atividades com conforto.<\/p>\n<h2>O que fazer al\u00e9m do festival em Manaus<\/h2>\n<p>Manaus, al\u00e9m de ser sede do Festival Folcl\u00f3rico do Amazonas, \u00e9 rica em atra\u00e7\u00f5es tur\u00edsticas. Os visitantes podem explorar o Teatro Amazonas, um \u00edcone da arquitetura, e o Mercado Municipal, onde produtos regionais podem ser encontrados. Outras atividades incluem passeios pela floresta amaz\u00f4nica, visitas a reservas ind\u00edgenas e a oportunidade de conhecer a cultura local mais a fundo.<\/p>\n\n<div style=\"font-size: 0px; height: 0px; line-height: 0px; margin: 0; padding: 0; clear: both;\"><\/div>","protected":false},"excerpt":{"rendered":"<p>Descubra a magia do Festival Folcl\u00f3rico do Amazonas em Manaus.<\/p>\n","protected":false},"author":1,"featured_media":5521,"comment_status":"closed","ping_status":"closed","sticky":false,"template":"","format":"standard","meta":{"footnotes":""},"categories":[1],"tags":[],"class_list":["post-5522","post","type-post","status-publish","format-standard","has-post-thumbnail","hentry","category-noticias-em-manaus","has_thumb"],"aioseo_notices":[],"_links":{"self":[{"href":"https:\/\/www.encontramanausam.com.br\/sobre\/wp-json\/wp\/v2\/posts\/5522","targetHints":{"allow":["GET"]}}],"collection":[{"href":"https:\/\/www.encontramanausam.com.br\/sobre\/wp-json\/wp\/v2\/posts"}],"about":[{"href":"https:\/\/www.encontramanausam.com.br\/sobre\/wp-json\/wp\/v2\/types\/post"}],"author":[{"embeddable":true,"href":"https:\/\/www.encontramanausam.com.br\/sobre\/wp-json\/wp\/v2\/users\/1"}],"replies":[{"embeddable":true,"href":"https:\/\/www.encontramanausam.com.br\/sobre\/wp-json\/wp\/v2\/comments?post=5522"}],"version-history":[{"count":0,"href":"https:\/\/www.encontramanausam.com.br\/sobre\/wp-json\/wp\/v2\/posts\/5522\/revisions"}],"wp:featuredmedia":[{"embeddable":true,"href":"https:\/\/www.encontramanausam.com.br\/sobre\/wp-json\/wp\/v2\/media\/5521"}],"wp:attachment":[{"href":"https:\/\/www.encontramanausam.com.br\/sobre\/wp-json\/wp\/v2\/media?parent=5522"}],"wp:term":[{"taxonomy":"category","embeddable":true,"href":"https:\/\/www.encontramanausam.com.br\/sobre\/wp-json\/wp\/v2\/categories?post=5522"},{"taxonomy":"post_tag","embeddable":true,"href":"https:\/\/www.encontramanausam.com.br\/sobre\/wp-json\/wp\/v2\/tags?post=5522"}],"curies":[{"name":"wp","href":"https:\/\/api.w.org\/{rel}","templated":true}]}}