{"id":5516,"date":"2026-04-29T02:59:09","date_gmt":"2026-04-29T05:59:09","guid":{"rendered":"https:\/\/www.encontramanausam.com.br\/sobre\/operacao-integrada-da-prefeitura-de-manaus-ordena-uso-do-espaco-publico-no-centro\/"},"modified":"2026-04-29T02:59:09","modified_gmt":"2026-04-29T05:59:09","slug":"operacao-integrada-da-prefeitura-de-manaus-ordena-uso-do-espaco-publico-no-centro","status":"publish","type":"post","link":"https:\/\/www.encontramanausam.com.br\/sobre\/operacao-integrada-da-prefeitura-de-manaus-ordena-uso-do-espaco-publico-no-centro\/","title":{"rendered":"Opera\u00e7\u00e3o integrada da Prefeitura de Manaus ordena uso do espa\u00e7o p\u00fablico no Centro"},"content":{"rendered":"<div class=\"882fdd0d88065009358e99f1a9406c55\" data-index=\"1\" style=\"float: none; margin:0px;\">\n<script async src=\"https:\/\/pagead2.googlesyndication.com\/pagead\/js\/adsbygoogle.js?client=ca-pub-8585364105181520\"\r\n     crossorigin=\"anonymous\"><\/script>\r\n<!-- Anuncio display - global -->\r\n<ins class=\"adsbygoogle\"\r\n     style=\"display:block\"\r\n     data-ad-client=\"ca-pub-8585364105181520\"\r\n     data-ad-slot=\"8789329856\"\r\n     data-ad-format=\"auto\"\r\n     data-full-width-responsive=\"true\"><\/ins>\r\n<script>\r\n     (adsbygoogle = window.adsbygoogle || []).push({});\r\n<\/script>\n<\/div>\n<h2>Objetivo da Opera\u00e7\u00e3o Integrada<\/h2>\n<p>A a\u00e7\u00e3o integrada promovida pela Prefeitura de Manaus tem como principal objetivo a organiza\u00e7\u00e3o do uso do espa\u00e7o p\u00fablico na \u00e1rea central da cidade. Atrav\u00e9s dessa opera\u00e7\u00e3o, busca-se otimizar a mobilidade urbana e regulamentar a atua\u00e7\u00e3o dos comerciantes informais, promovendo um ambiente mais seguro e acess\u00edvel para os pedestres.<\/p>\n<h2>A\u00e7\u00f5es no Centro de Manaus<\/h2>\n<p>No contexto dessa opera\u00e7\u00e3o, diversas equipes atuaram nas imedia\u00e7\u00f5es do mercado municipal Adolpho Lisboa, assim como nas ruas Rocha dos Santos, Bar\u00e3o de S\u00e3o Domingos e rua dos Bar\u00e9s. As a\u00e7\u00f5es foram coordenadas por diferentes \u00f3rg\u00e3os da prefeitura, incluindo:<\/p>\n<ul>\n<li>Ag\u00eancia Reguladora dos Servi\u00e7os P\u00fablicos Delegados do Munic\u00edpio de Manaus (Ageman)<\/li>\n<li>Instituto Municipal de Mobilidade Urbana (IMMU)<\/li>\n<li>Instituto Municipal de Planejamento Urbano (Implurb)<\/li>\n<li>Secretaria Municipal de Agricultura, Abastecimento, Centro e Com\u00e9rcio Informal (Semacc)<\/li>\n<li>Guarda Municipal de Manaus (GMM)<\/li>\n<\/ul>\n<h2>Import\u00e2ncia da Mobilidade Urbana<\/h2>\n<p>A mobilidade urbana \u00e9 essencial para o funcionamento adequado de uma cidade, e um dos pilares dessa opera\u00e7\u00e3o \u00e9 garantir que as cal\u00e7adas permane\u00e7am livres de obstru\u00e7\u00f5es. Isso \u00e9 fundamental para a seguran\u00e7a dos pedestres e para a fluidez do tr\u00e2nsito, pois \u00e1reas desobstru\u00eddas facilitam o deslocamento das pessoas.<\/p>\n<p><img decoding=\"async\" src=\"https:\/\/www.encontramanausam.com.br\/sobre\/wp-content\/uploads\/2026\/04\/operacao-integrada-da-prefeitura-de-manaus-ordena-uso-do-espaco-publico-no-centro.webp\" alt=\"Opera\u00e7\u00e3o integrada da Prefeitura de Manaus\" loading=\"lazy\" \/><\/p>\n<h2>Orienta\u00e7\u00f5es para Comerciantes<\/h2>\n<p>Durante a a\u00e7\u00e3o, os fiscais das entidades envolvidas dialogaram com os comerciantes locais e trabalhadores informais a respeito da necessidade de evitar a ocupa\u00e7\u00e3o irregular das vagas no sistema de estacionamento rotativo da Zona Azul. Al\u00e9m disso, foi enfatizada a import\u00e2ncia de manter as cal\u00e7adas desimpedidas para assegurar uma circula\u00e7\u00e3o segura entre os transeuntes.<\/p>\n<h2>Resultados da Opera\u00e7\u00e3o at\u00e9 Agora<\/h2>\n<p>A opera\u00e7\u00e3o resultou em medidas efetivas. O departamento de Com\u00e9rcio Informal da Semacc notificou 14 trabalhadores que estavam atuando irregularmente e confiscou mercadorias de alimentos n\u00e3o perec\u00edveis que eram vendidos sem a devida autoriza\u00e7\u00e3o. Al\u00e9m disso, o IMMU emitiu 15 autos de infra\u00e7\u00e3o devido ao estacionamento irregular de motocicletas na regi\u00e3o monitorada.<\/p>\n<h2>A\u00e7\u00e3o da Guarda Municipal de Manaus<\/h2>\n<p>A Guarda Municipal tamb\u00e9m desempenhou um papel significativo na opera\u00e7\u00e3o, contribuindo para a fiscaliza\u00e7\u00e3o e garantindo a ordem p\u00fablica durante as atividades de orienta\u00e7\u00e3o aos comerciantes e aos usu\u00e1rios do espa\u00e7o p\u00fablico. Essa presen\u00e7a \u00e9 crucial para a manuten\u00e7\u00e3o da seguran\u00e7a na \u00e1rea, especialmente em a\u00e7\u00f5es envolvendo o com\u00e9rcio.<\/p>\n<h2>Den\u00fancias e Fiscaliza\u00e7\u00e3o Eficaz<\/h2>\n<p>Um dos pontos destacados pela Ageman foi a import\u00e2ncia de um canal aberto para que os usu\u00e1rios do sistema de estacionamento rotativo possam registrar qualquer problema que encontrarem. Para isso, a Ouvidoria da Ageman est\u00e1 dispon\u00edvel para receber den\u00fancias de maneira presencial ou por meio de canais digitais, como e-mail e WhatsApp, permitindo uma fiscaliza\u00e7\u00e3o mais eficiente e transparente.<\/p>\n<h2>Impacto no Com\u00e9rcio Informal<\/h2>\n<p>A regulamenta\u00e7\u00e3o do com\u00e9rcio informal \u00e9 um aspecto essencial para a sa\u00fade econ\u00f4mica da cidade. Ao garantir que os trabalhadores informais operem de maneira legal, a cidade n\u00e3o s\u00f3 aumenta sua arrecada\u00e7\u00e3o, mas tamb\u00e9m proporciona aos comerciantes um ambiente mais justo e competitivo. A opera\u00e7\u00e3o visa proteger os direitos desses trabalhadores enquanto assegura que o com\u00e9rcio formal possa competir em igualdade de condi\u00e7\u00f5es.<\/p>\n<h2>Colabora\u00e7\u00e3o entre \u00d3rg\u00e3os Municipais<\/h2>\n<p>Um dos destaques da opera\u00e7\u00e3o foi a colabora\u00e7\u00e3o entre diferentes \u00f3rg\u00e3os municipais, que atuaram em conjunto para maximizar o impacto das a\u00e7\u00f5es. Essa integra\u00e7\u00e3o permite uma abordagem mais hol\u00edstica e eficaz na resolu\u00e7\u00e3o de quest\u00f5es complexas como a mobilidade urbana e a regulamenta\u00e7\u00e3o do com\u00e9rcio, refletindo um esfor\u00e7o conjunto pelo bem-estar da popula\u00e7\u00e3o.<\/p>\n<h2>Pr\u00f3ximas Etapas da Opera\u00e7\u00e3o<\/h2>\n<p>Os pr\u00f3ximos passos incluem a continuidade da fiscaliza\u00e7\u00e3o nas \u00e1reas j\u00e1 atendidas e a amplia\u00e7\u00e3o das a\u00e7\u00f5es para outras regi\u00f5es da cidade. Al\u00e9m disso, a prefeitura planeja realizar campanhas de conscientiza\u00e7\u00e3o dirigidas aos comerciantes e \u00e0 popula\u00e7\u00e3o, ressaltando a import\u00e2ncia da colabora\u00e7\u00e3o entre todos para um uso respons\u00e1vel e organizado do espa\u00e7o p\u00fablico.<\/p>\n<p>A opera\u00e7\u00e3o integrada da Prefeitura de Manaus representa um passo significativo para tornar a cidade mais organizada e acess\u00edvel, beneficiando tanto comerciantes quanto pedestres e refor\u00e7ando a import\u00e2ncia do planejamento urbano na gest\u00e3o p\u00fablica.<\/p>\n\n<div style=\"font-size: 0px; height: 0px; line-height: 0px; margin: 0; padding: 0; clear: both;\"><\/div>","protected":false},"excerpt":{"rendered":"<p>Opera\u00e7\u00e3o da Prefeitura de Manaus promove o uso consciente do espa\u00e7o p\u00fablico no centro da cidade.<\/p>\n","protected":false},"author":1,"featured_media":5515,"comment_status":"closed","ping_status":"closed","sticky":false,"template":"","format":"standard","meta":{"footnotes":""},"categories":[1],"tags":[],"class_list":["post-5516","post","type-post","status-publish","format-standard","has-post-thumbnail","hentry","category-noticias-em-manaus","has_thumb"],"aioseo_notices":[],"_links":{"self":[{"href":"https:\/\/www.encontramanausam.com.br\/sobre\/wp-json\/wp\/v2\/posts\/5516","targetHints":{"allow":["GET"]}}],"collection":[{"href":"https:\/\/www.encontramanausam.com.br\/sobre\/wp-json\/wp\/v2\/posts"}],"about":[{"href":"https:\/\/www.encontramanausam.com.br\/sobre\/wp-json\/wp\/v2\/types\/post"}],"author":[{"embeddable":true,"href":"https:\/\/www.encontramanausam.com.br\/sobre\/wp-json\/wp\/v2\/users\/1"}],"replies":[{"embeddable":true,"href":"https:\/\/www.encontramanausam.com.br\/sobre\/wp-json\/wp\/v2\/comments?post=5516"}],"version-history":[{"count":0,"href":"https:\/\/www.encontramanausam.com.br\/sobre\/wp-json\/wp\/v2\/posts\/5516\/revisions"}],"wp:featuredmedia":[{"embeddable":true,"href":"https:\/\/www.encontramanausam.com.br\/sobre\/wp-json\/wp\/v2\/media\/5515"}],"wp:attachment":[{"href":"https:\/\/www.encontramanausam.com.br\/sobre\/wp-json\/wp\/v2\/media?parent=5516"}],"wp:term":[{"taxonomy":"category","embeddable":true,"href":"https:\/\/www.encontramanausam.com.br\/sobre\/wp-json\/wp\/v2\/categories?post=5516"},{"taxonomy":"post_tag","embeddable":true,"href":"https:\/\/www.encontramanausam.com.br\/sobre\/wp-json\/wp\/v2\/tags?post=5516"}],"curies":[{"name":"wp","href":"https:\/\/api.w.org\/{rel}","templated":true}]}}