{"id":5437,"date":"2026-04-13T02:59:22","date_gmt":"2026-04-13T05:59:22","guid":{"rendered":"https:\/\/www.encontramanausam.com.br\/sobre\/entre-despedidas-e-recomecos-implurb-vive-transicao-para-nova-sede-com-relatos-de-servidores\/"},"modified":"2026-04-13T02:59:22","modified_gmt":"2026-04-13T05:59:22","slug":"entre-despedidas-e-recomecos-implurb-vive-transicao-para-nova-sede-com-relatos-de-servidores","status":"publish","type":"post","link":"https:\/\/www.encontramanausam.com.br\/sobre\/entre-despedidas-e-recomecos-implurb-vive-transicao-para-nova-sede-com-relatos-de-servidores\/","title":{"rendered":"Entre despedidas e recome\u00e7os, Implurb vive transi\u00e7\u00e3o para nova sede com relatos de servidores"},"content":{"rendered":"<div class=\"882fdd0d88065009358e99f1a9406c55\" data-index=\"1\" style=\"float: none; margin:0px;\">\n<script async src=\"https:\/\/pagead2.googlesyndication.com\/pagead\/js\/adsbygoogle.js?client=ca-pub-8585364105181520\"\r\n     crossorigin=\"anonymous\"><\/script>\r\n<!-- Anuncio display - global -->\r\n<ins class=\"adsbygoogle\"\r\n     style=\"display:block\"\r\n     data-ad-client=\"ca-pub-8585364105181520\"\r\n     data-ad-slot=\"8789329856\"\r\n     data-ad-format=\"auto\"\r\n     data-full-width-responsive=\"true\"><\/ins>\r\n<script>\r\n     (adsbygoogle = window.adsbygoogle || []).push({});\r\n<\/script>\n<\/div>\n<h2>Mudan\u00e7as e Desafios no Implurb<\/h2>\n<p>O Instituto Municipal de Planejamento Urbano (Implurb) est\u00e1 atualmente atravessando um per\u00edodo significativo de mudan\u00e7as, marcado pela transi\u00e7\u00e3o para sua nova sede. Localizada no edif\u00edcio Arquiteto Claudemir Andrade, no Parque Mosaico, no bairro Tarum\u00e3, zona Oeste de Manaus, a mudan\u00e7a representa um recome\u00e7o n\u00e3o s\u00f3 f\u00edsico, mas tamb\u00e9m simb\u00f3lico para os servidores que comp\u00f5em a institui\u00e7\u00e3o. Para muitos, a mudan\u00e7a traz \u00e0 tona n\u00e3o apenas a expectativa de um novo espa\u00e7o, mas tamb\u00e9m uma s\u00e9rie de emo\u00e7\u00f5es ligadas ao passado, que permeiam a hist\u00f3ria do \u00f3rg\u00e3o. <\/p>\n<p>A transi\u00e7\u00e3o das atividades para a nova sede se desenrola em tr\u00eas etapas, sendo que atualmente os colaboradores est\u00e3o na fase de organiza\u00e7\u00e3o do novo espa\u00e7o, preparando-se para deixar o antigo local, que por anos abrigou mem\u00f3rias e experi\u00eancia acumulada. Esta mudan\u00e7a \u00e9 carregada de significados e reflex\u00f5es sobre a trajet\u00f3ria do Implurb e suas contribui\u00e7\u00f5es ao planejamento da cidade.<\/p>\n<h2>Reflex\u00f5es Sobre a Nova Sede<\/h2>\n<p>O edif\u00edcio onde o Implurb ser\u00e1 localizado foi criteriosamente projetado para atender \u00e0s necessidades atuais e futuras da institui\u00e7\u00e3o. Sua infraestrutura moderna visa promover um ambiente de trabalho mais eficiente e colaborativo, alinhado com as melhores pr\u00e1ticas urban\u00edsticas. O vice-presidente do Implurb, Ant\u00f4nio Peixoto, enfatiza que a nova sede traduz um esfor\u00e7o consciente de moderniza\u00e7\u00e3o, sendo capaz de suportar o crescimento das atividades do \u00f3rg\u00e3o, refletindo em melhorias para a gest\u00e3o p\u00fablica e no atendimento ao cidad\u00e3o.<\/p>\n<p>Durante este per\u00edodo de transi\u00e7\u00e3o, os colaboradores do Implurb expressam emo\u00e7\u00f5es variadas. Para aqueles que dedicaram anos de suas vidas \u00e0 institui\u00e7\u00e3o, as mem\u00f3rias constru\u00eddas ao longo do tempo se tornam ainda mais valiosas em momentos como esse. A gerente de Mobilidade Urbana, Carolina Azevedo, menciona que, mesmo diante de limita\u00e7\u00f5es estruturais na antiga sede, a equipe sempre atuou com dedica\u00e7\u00e3o em projetos que impactam diretamente a vida da popula\u00e7\u00e3o.<\/p>\n<h2>O Sentimento de Nostalgia entre Servidores<\/h2>\n<p>A nostalgia \u00e9 uma emo\u00e7\u00e3o recorrente entre os funcion\u00e1rios que est\u00e3o deixando a antiga sede. Carmen Barbosa, assessora da Comiss\u00e3o T\u00e9cnica de Planejamento e Controle Urbano, compartilha que, ap\u00f3s 35 anos de servi\u00e7o, sente que est\u00e1 deixando parte de sua hist\u00f3ria para tr\u00e1s. A mudan\u00e7a representa um refletir sobre os v\u00ednculos constru\u00eddos, os desafios superados e as hist\u00f3rias que marcaram sua viv\u00eancia na institui\u00e7\u00e3o. Ela relatou que, embora tenha participado de diversas mudan\u00e7as anteriormente, nenhuma delas provocou tanto sentimento quanto esta, que culmina em uma etapa repleta de lembran\u00e7as.<\/p>\n<p>Esse sentimento de despedida se transforma em uma oportunidade de celebrar as conquistas e reconhecer a evolu\u00e7\u00e3o do implurb ao longo dos anos. Os colaboradores est\u00e3o sendo incentivados a compartilhar suas experi\u00eancias, criando um ambiente solid\u00e1rio e de compreens\u00e3o durante essa transi\u00e7\u00e3o.<\/p>\n<h2>Expectativas Para o Futuro do Implurb<\/h2>\n<p>Com a mudan\u00e7a, surgem expectativas animadoras sobre o futuro do Implurb e suas opera\u00e7\u00f5es. Os servidores acreditam que o novo ambiente proporcionar\u00e1 melhores condi\u00e7\u00f5es de trabalho, incentivando a colabora\u00e7\u00e3o e integra\u00e7\u00e3o entre as equipes. Wallid Almeida, diretor de Planejamento Urbano, sublinha que a nova sede promove um alinhamento com pr\u00e1ticas modernas, o que deve se refletir em maior produtividade e agilidade nos processos internos.<\/p>\n<p>Os servidores expressam otimismo quanto ao futuro do planejamento urbano em Manaus, ressaltando que a nova sede n\u00e3o apenas abrigar\u00e1 a equipe, mas tamb\u00e9m ampliar\u00e1 a capacidade de atendimento e a qualidade dos servi\u00e7os prestados \u00e0 popula\u00e7\u00e3o, solidificando o papel do Implurb como um pilar na gest\u00e3o urbana da capital amazonense.<\/p>\n<h2>A Import\u00e2ncia da Moderniza\u00e7\u00e3o<\/h2>\n<p>Modernizar a infraestrutura \u00e9 um passo crucial para qualquer institui\u00e7\u00e3o que busca acompanhar as crescentes demandas urbanas. No caso do Implurb, a nova sede \u00e9 vista como uma plataforma para inova\u00e7\u00e3o e efici\u00eancia. O edif\u00edcio Arquiteto Claudemir Andrade, com seus 3.500 metros quadrados de \u00e1rea constru\u00edda, foi projetado para facilitar o fluxo de trabalho, com espa\u00e7os que favorecem a intera\u00e7\u00e3o e a troca de ideias.<\/p>\n<p>A moderniza\u00e7\u00e3o n\u00e3o se restringe ao espa\u00e7o f\u00edsico; trata-se tamb\u00e9m de uma atualiza\u00e7\u00e3o nas pr\u00e1ticas e processos que levar\u00e3o a uma gest\u00e3o p\u00fablica mais eficaz. O Impurb visa implantar novas metodologias que atendam \u00e0s necessidades de uma cidade em crescimento, como Manaus, que possui mais de dois milh\u00f5es de habitantes.<\/p>\n<h2>Impactos na Din\u00e2mica de Trabalho<\/h2>\n<p>A nova sede do Implurb impactar\u00e1 diretamente a din\u00e2mica de trabalho da equipe. Os colaboradores esperam que, com a melhor infraestrutura, seja poss\u00edvel otimizar os processos administrativos e a comunica\u00e7\u00e3o entre os diferentes setores. Esse ambiente mais estruturado \u00e9 fundamental para garantir que o Institui\u00e7\u00f5es como o Implurb possam exercer suas fun\u00e7\u00f5es com excel\u00eancia, contribuindo para um planejamento urbano efetivo e acess\u00edvel a todos os cidad\u00e3os.<\/p>\n<p>A gerente de Inform\u00e1tica, Ronaldo Silva, menciona que com os novos equipamentos e a melhor disposi\u00e7\u00e3o dos espa\u00e7os, o fluxo de trabalho ser\u00e1 significativamente aprimorado, levando a um atendimento mais \u00e1gil e eficiente ao p\u00fablico. O projeto de moderniza\u00e7\u00e3o inclui n\u00e3o apenas a inova\u00e7\u00e3o na estrutura f\u00edsica, mas tamb\u00e9m a ado\u00e7\u00e3o de novas ferramentas tecnol\u00f3gicas que facilitar\u00e3o a opera\u00e7\u00e3o interna.<\/p>\n<h2>V\u00ednculos e Hist\u00f3rias de Vida<\/h2>\n<p>Al\u00e9m dos aspectos t\u00e9cnicos da mudan\u00e7a, a hist\u00f3ria de cada servidor se entrela\u00e7a \u00e0 narrativa do Implurb. As experi\u00eancias vividas no antigo local se tornam parte de uma colet\u00e2nea de mem\u00f3rias que moldam a identidade da equipe. Os depoimentos dos servidores revelam um forte sentimento de pertencimento e uma rica tape\u00e7aria de trajet\u00f3rias profissionais.<\/p>\n<p>A conviv\u00eancia com colegas de trabalho e o compartilhamento de desafios durante anos propiciaram um ambiente de camaradagem que ser\u00e1 uma parte importante do legado passado. Ao partilhar essas hist\u00f3rias, o Implurb fortalece seus la\u00e7os internos e reafirma a import\u00e2ncia da equipe em sua miss\u00e3o de planejar uma cidade melhor.<\/p>\n<h2>Um Olhar Cr\u00edtico Sobre o Planejamento Urbano<\/h2>\n<p>A mudan\u00e7a de sede vem acompanhada de um olhar cr\u00edtico sobre o planejamento urbano de Manaus. Os servidores veem isso como uma oportunidade de refletirem sobre suas pr\u00e1ticas, aprendendo com o passado para projetar um futuro mais inclusivo e sustent\u00e1vel. As li\u00e7\u00f5es aprendidas durante anos de atua\u00e7\u00e3o ser\u00e3o fundamentais para melhorar a atua\u00e7\u00e3o do Institui\u00e7\u00e3o na nova era.<\/p>\n<p>O planejamento urbano \u00e9 um processo din\u00e2mico que deve se adaptar \u00e0s mudan\u00e7as sociais e ambientais. O Implurb, por meio da nova sede, deseja fortalecer a sua presen\u00e7a em discuss\u00f5es sobre o crescimento populacional e os desafios urbanos que a cidade enfrenta.<\/p>\n<h2>A Nova Sede e a Popula\u00e7\u00e3o de Manaus<\/h2>\n<p>A nova sede do Implurb n\u00e3o \u00e9 apenas uma mudan\u00e7a f\u00edsica; ela tem implica\u00e7\u00f5es importantes para a popula\u00e7\u00e3o de Manaus. O acesso a servi\u00e7os de qualidade ser\u00e1 ampliado, com um espa\u00e7o que respeita as normas de acessibilidade e que acolhe a todos os cidad\u00e3os. A expectativa \u00e9 de que o novo local reduza filas e otimize os atendimentos, promovendo um contato mais eficaz entre o p\u00fablico e os servidores.<\/p>\n<p>Al\u00e9m disso, a localiza\u00e7\u00e3o da nova sede foi escolhida estrategicamente para que seja de f\u00e1cil acesso, contribuindo para que a popula\u00e7\u00e3o participe ativamente nas demandas urban\u00edsticas que afetam seu dia a dia, refor\u00e7ando a fun\u00e7\u00e3o do Implurb como agente facilitador de di\u00e1logos com a sociedade.<\/p>\n<h2>Servi\u00e7o P\u00fablico e Valoriza\u00e7\u00e3o Profissional<\/h2>\n<p>A transi\u00e7\u00e3o para a nova sede tamb\u00e9m \u00e9 um reconhecimento do trabalho desempenhado pelos servidores do Implurb. Com a nova estrutura, a Prefeitura de Manaus reafirma seu compromisso de valoriza\u00e7\u00e3o do servi\u00e7o p\u00fablico, investindo em um espa\u00e7o que reflita a import\u00e2ncia e o potencial de desenvolvimento de seus colaboradores.<\/p>\n<p>A valoriza\u00e7\u00e3o n\u00e3o se limita apenas ao ambiente f\u00edsico, mas se estende a iniciativas que buscam aprimorar a forma\u00e7\u00e3o e a capacita\u00e7\u00e3o dos servidores. Os colaboradores ressaltam a import\u00e2ncia de um ambiente que proporcione oportunidade de crescimento profissional e pessoal, fortalecendo a autoestima e o compromisso com a miss\u00e3o de servir ao p\u00fablico.<\/p>\n\n<div style=\"font-size: 0px; height: 0px; line-height: 0px; margin: 0; padding: 0; clear: both;\"><\/div>","protected":false},"excerpt":{"rendered":"<p>Implurb vive transi\u00e7\u00e3o para nova sede, marcada por relatos emocionantes dos servidores.<\/p>\n","protected":false},"author":1,"featured_media":0,"comment_status":"closed","ping_status":"closed","sticky":false,"template":"","format":"standard","meta":{"footnotes":""},"categories":[1],"tags":[],"class_list":["post-5437","post","type-post","status-publish","format-standard","hentry","category-noticias-em-manaus"],"aioseo_notices":[],"_links":{"self":[{"href":"https:\/\/www.encontramanausam.com.br\/sobre\/wp-json\/wp\/v2\/posts\/5437","targetHints":{"allow":["GET"]}}],"collection":[{"href":"https:\/\/www.encontramanausam.com.br\/sobre\/wp-json\/wp\/v2\/posts"}],"about":[{"href":"https:\/\/www.encontramanausam.com.br\/sobre\/wp-json\/wp\/v2\/types\/post"}],"author":[{"embeddable":true,"href":"https:\/\/www.encontramanausam.com.br\/sobre\/wp-json\/wp\/v2\/users\/1"}],"replies":[{"embeddable":true,"href":"https:\/\/www.encontramanausam.com.br\/sobre\/wp-json\/wp\/v2\/comments?post=5437"}],"version-history":[{"count":0,"href":"https:\/\/www.encontramanausam.com.br\/sobre\/wp-json\/wp\/v2\/posts\/5437\/revisions"}],"wp:attachment":[{"href":"https:\/\/www.encontramanausam.com.br\/sobre\/wp-json\/wp\/v2\/media?parent=5437"}],"wp:term":[{"taxonomy":"category","embeddable":true,"href":"https:\/\/www.encontramanausam.com.br\/sobre\/wp-json\/wp\/v2\/categories?post=5437"},{"taxonomy":"post_tag","embeddable":true,"href":"https:\/\/www.encontramanausam.com.br\/sobre\/wp-json\/wp\/v2\/tags?post=5437"}],"curies":[{"name":"wp","href":"https:\/\/api.w.org\/{rel}","templated":true}]}}