{"id":5433,"date":"2026-04-12T02:56:03","date_gmt":"2026-04-12T05:56:03","guid":{"rendered":"https:\/\/www.encontramanausam.com.br\/sobre\/ministerio-da-saude-participa-de-mutirao-de-conciliacao-de-demandas-judiciais-em-saude-em-manaus-am\/"},"modified":"2026-04-12T02:56:03","modified_gmt":"2026-04-12T05:56:03","slug":"ministerio-da-saude-participa-de-mutirao-de-conciliacao-de-demandas-judiciais-em-saude-em-manaus-am","status":"publish","type":"post","link":"https:\/\/www.encontramanausam.com.br\/sobre\/ministerio-da-saude-participa-de-mutirao-de-conciliacao-de-demandas-judiciais-em-saude-em-manaus-am\/","title":{"rendered":"Minist\u00e9rio da Sa\u00fade participa de mutir\u00e3o de concilia\u00e7\u00e3o de demandas judiciais em sa\u00fade, em Manaus (AM)"},"content":{"rendered":"<div class=\"882fdd0d88065009358e99f1a9406c55\" data-index=\"1\" style=\"float: none; margin:0px;\">\n<script async src=\"https:\/\/pagead2.googlesyndication.com\/pagead\/js\/adsbygoogle.js?client=ca-pub-8585364105181520\"\r\n     crossorigin=\"anonymous\"><\/script>\r\n<!-- Anuncio display - global -->\r\n<ins class=\"adsbygoogle\"\r\n     style=\"display:block\"\r\n     data-ad-client=\"ca-pub-8585364105181520\"\r\n     data-ad-slot=\"8789329856\"\r\n     data-ad-format=\"auto\"\r\n     data-full-width-responsive=\"true\"><\/ins>\r\n<script>\r\n     (adsbygoogle = window.adsbygoogle || []).push({});\r\n<\/script>\n<\/div>\n<h2>O que \u00e9 o mutir\u00e3o do Minist\u00e9rio da Sa\u00fade?<\/h2>\n<p>O mutir\u00e3o do Minist\u00e9rio da Sa\u00fade representa uma iniciativa consider\u00e1vel em resposta \u00e0s demandas judiciais relacionadas ao setor da sa\u00fade. Organizado pelo <strong>F\u00f3rum Nacional do Judici\u00e1rio para a Sa\u00fade (Fonajus)<\/strong> e em colabora\u00e7\u00e3o com o <strong>Conselho Nacional de Justi\u00e7a (CNJ)<\/strong>, esse evento visa oferecer uma solu\u00e7\u00e3o r\u00e1pida e eficiente para a judicializa\u00e7\u00e3o das quest\u00f5es de sa\u00fade no Brasil.<\/p>\n<h2>Import\u00e2ncia da concilia\u00e7\u00e3o nas demandas judiciais<\/h2>\n<p>A judicializa\u00e7\u00e3o da sa\u00fade no Brasil \u00e9 um fen\u00f4meno crescente, impactando n\u00e3o apenas os recursos p\u00fablicos, mas tamb\u00e9m a vida dos cidad\u00e3os que buscam acesso a tratamentos e medicamentos. A concilia\u00e7\u00e3o \u00e9 vital nesse contexto.<\/p>\n<ul>\n<li><strong>Redu\u00e7\u00e3o do tempo processual:<\/strong> O mutir\u00e3o ajuda a acelerar a resolu\u00e7\u00e3o de casos, evitando que os pacientes fiquem \u00e0 espera por longos per\u00edodos.<\/li>\n<li><strong>Fortalecimento do di\u00e1logo:<\/strong> A aproxima\u00e7\u00e3o entre a justi\u00e7a e a sa\u00fade \u00e9 essencial para entender e abordar os problemas reais que as pessoas enfrentam.<\/li>\n<li><strong>Viabiliza\u00e7\u00e3o de recursos:<\/strong> A concilia\u00e7\u00e3o pode resultar em acordos que garantem o acesso ao tratamento sem a necessidade de longas batalhas judiciais.<\/li>\n<\/ul>\n<h2>Como o mutir\u00e3o beneficia os pacientes<\/h2>\n<p>Os pacientes podem se beneficiar enormemente com os mutir\u00f5es, pois estes oferecem solu\u00e7\u00f5es l\u00f3gicas e mais rapidamente. Os principais benef\u00edcios incluem:<\/p>\n<p><img decoding=\"async\" src=\"https:\/\/www.encontramanausam.com.br\/sobre\/wp-content\/uploads\/2026\/04\/ministerio-da-saude-participa-de-mutirao-de-conciliacao-de-demandas-judiciais-em-saude-em-manaus-am.webp\" alt=\"Mutir\u00e3o do Minist\u00e9rio da Sa\u00fade\" loading=\"lazy\" \/><\/p>\n<ul>\n<li><strong>Acesso a medicamentos:<\/strong> Pacientes que enfrentam dificuldades em conseguir medicamentos pelo Sistema \u00danico de Sa\u00fade (SUS) podem ser atendidos imediatamente atrav\u00e9s de acordos.<\/li>\n<li><strong>Menos burocracia:<\/strong> A experi\u00eancia \u00e9 muito mais simplificada em compara\u00e7\u00e3o \u00e0s vias judiciais tradicionais.<\/li>\n<li><strong>Maior compreens\u00e3o do sistema:<\/strong> Os mutir\u00f5es servem tamb\u00e9m como um meio para os pacientes entenderem melhor seus direitos e a legisla\u00e7\u00e3o vigente na \u00e1rea da sa\u00fade.<\/li>\n<\/ul>\n<h2>A rela\u00e7\u00e3o entre sa\u00fade e judicializa\u00e7\u00e3o<\/h2>\n<p>A judicializa\u00e7\u00e3o da sa\u00fade se refere ao fen\u00f4meno onde as demandas judiciais entram na esfera de quest\u00f5es que tradicionalmente deveriam ser resolvidas administrativamente dentro do sistema de sa\u00fade. Esse fen\u00f4meno traz \u00e0 tona:<\/p>\n<ul>\n<li><strong>Direitos dos cidad\u00e3os:<\/strong> Cada vez mais, as pessoas recorrem ao judici\u00e1rio para garantir seus direitos \u00e0 sa\u00fade, refletindo uma falha em outras \u00e1reas do sistema.<\/li>\n<li><strong>Desafios para a gest\u00e3o p\u00fablica:<\/strong> Os governos precisam administrar recursos financeiramente limitados e, ao mesmo tempo, garantir acesso e qualidade nos servi\u00e7os de sa\u00fade.<\/li>\n<\/ul>\n<h2>O papel do F\u00f3rum Nacional do Judici\u00e1rio para a Sa\u00fade<\/h2>\n<p>O F\u00f3rum Nacional do Judici\u00e1rio para a Sa\u00fade tem um papel essencial na constru\u00e7\u00e3o de solu\u00e7\u00f5es efetivas para a judicializa\u00e7\u00e3o da sa\u00fade no Brasil. Suas atribui\u00e7\u00f5es incluem:<\/p>\n<ul>\n<li><strong>Coordena\u00e7\u00e3o de mutir\u00f5es:<\/strong> Organiza eventos como o recente mutir\u00e3o em Manaus, promovendo o di\u00e1logo entre as partes e buscando solu\u00e7\u00f5es r\u00e1pidas.<\/li>\n<li><strong>Intermedia\u00e7\u00e3o:<\/strong> Atua como um mediador entre o sistema de sa\u00fade e o judici\u00e1rio, buscando harmonizar as demandas.<\/li>\n<li><strong>Aprimoramento de pol\u00edticas p\u00fablicas:<\/strong> Contribui para o desenvolvimento de pol\u00edticas que visam minimizar a judicializa\u00e7\u00e3o, favorecendo um sistema de sa\u00fade mais eficiente.<\/li>\n<\/ul>\n<h2>Expectativas para o futuro da sa\u00fade em Manaus<\/h2>\n<p>Com a realiza\u00e7\u00e3o de mutir\u00f5es e outras a\u00e7\u00f5es conjuntas, as expectativas para o futuro da sa\u00fade em Manaus s\u00e3o positivas. Algumas das proje\u00e7\u00f5es incluem:<\/p>\n<ul>\n<li><strong>Melhora no acesso a servi\u00e7os:<\/strong> Espera-se que a oferta de servi\u00e7os e medicamentos aumente, reduzindo as filas e o tempo de espera para atendimento.<\/li>\n<li><strong>Inova\u00e7\u00f5es em pol\u00edticas de sa\u00fade:<\/strong> Novas diretrizes podem surgir a partir das experi\u00eancias adquiridas com os mutir\u00f5es.<\/li>\n<li><strong>Maior capacita\u00e7\u00e3o dos profissionais:<\/strong> Profissionais da sa\u00fade e do judici\u00e1rio podem se beneficiar de workshops e treinamentos que estimulem uma abordagem mais colaborativa.<\/li>\n<\/ul>\n<h2>A\u00e7\u00f5es complementares no mutir\u00e3o de sa\u00fade<\/h2>\n<p>Al\u00e9m da concilia\u00e7\u00e3o de demandas judiciais, o mutir\u00e3o tamb\u00e9m promove uma s\u00e9rie de a\u00e7\u00f5es complementares que visam melhorar a sa\u00fade da popula\u00e7\u00e3o:<\/p>\n<ul>\n<li><strong>Palestras educativas:<\/strong> Tendem a proporcionar informa\u00e7\u00f5es sobre direitos e cuidados com a sa\u00fade.<\/li>\n<li><strong>Campanhas de imuniza\u00e7\u00e3o:<\/strong> Visam aumentar a cobertura vacinal e a conscientiza\u00e7\u00e3o da import\u00e2ncia da vacina\u00e7\u00e3o.<\/li>\n<li><strong>Atendimentos m\u00e9dicos:<\/strong> Oferecem consultas e exames para detec\u00e7\u00f5es precoces de doen\u00e7as.<\/li>\n<\/ul>\n<h2>Desafios enfrentados no processo de concilia\u00e7\u00e3o<\/h2>\n<p>Apesar de seus benef\u00edcios, o processo de concilia\u00e7\u00e3o enfrenta v\u00e1rios desafios:<\/p>\n<ul>\n<li><strong>Resist\u00eancia de alguns profissionais:<\/strong> Nem todos acreditam na efic\u00e1cia das conciliat\u00f3rias em substitui\u00e7\u00e3o ao julgamento judicial.<\/li>\n<li><strong>Complexidade das demandas:<\/strong> Algumas situa\u00e7\u00f5es exigem an\u00e1lises mais profundas e podem n\u00e3o ser facilmente resolvidas em uma audi\u00eancia conciliar.<\/li>\n<li><strong>Limita\u00e7\u00f5es de recursos:<\/strong> O financiamento e o apoio log\u00edstico para a realiza\u00e7\u00e3o de mutir\u00f5es s\u00e3o frequentemente escassos.<\/li>\n<\/ul>\n<h2>Testemunhos de benefici\u00e1rios do mutir\u00e3o<\/h2>\n<p>Os testemunhos de quem participou dos mutir\u00f5es oferecem uma vis\u00e3o valiosa sobre seu impacto:<\/p>\n<ul>\n<li><strong>Hist\u00f3rias de sucesso:<\/strong> Muitos benefici\u00e1rios relatam ter conseguido acesso a medicamentos e tratamentos que antes lhes eram negados.<\/li>\n<li><strong>Experi\u00eancias positivas:<\/strong> Os participantes geralmente destacam a agilidade e a efic\u00e1cia do processo, citando a facilidade de di\u00e1logo durante as audi\u00eancias.<\/li>\n<\/ul>\n<h2>Impacto do mutir\u00e3o na gest\u00e3o da sa\u00fade p\u00fablica<\/h2>\n<p>O impacto do mutir\u00e3o \u00e9 vis\u00edvel na gest\u00e3o da sa\u00fade p\u00fablica, proporcionando uma s\u00e9rie de melhorias:<\/p>\n<ul>\n<li><strong>Gest\u00e3o mais eficiente:<\/strong> Aumenta a capacidade do sistema de sa\u00fade de responder \u00e0s exig\u00eancias dos cidad\u00e3os.<\/li>\n<li><strong>Desafios menos frequentes:<\/strong> Reduz o n\u00famero de casos judiciais, permitindo que o sistema se concentre em quest\u00f5es cl\u00ednicas e preventivas.<\/li>\n<li><strong>Uma vis\u00e3o colaborativa:<\/strong> Promove uma cultura onde o di\u00e1logo \u00e9 valorizado e a busca por solu\u00e7\u00f5es conjuntas \u00e9 a norma.<\/li>\n<\/ul>\n\n<div style=\"font-size: 0px; height: 0px; line-height: 0px; margin: 0; padding: 0; clear: both;\"><\/div>","protected":false},"excerpt":{"rendered":"<p>Mutir\u00f5es do Minist\u00e9rio da Sa\u00fade agilizam demandas judiciais em Manaus.<\/p>\n","protected":false},"author":1,"featured_media":5432,"comment_status":"closed","ping_status":"closed","sticky":false,"template":"","format":"standard","meta":{"footnotes":""},"categories":[1],"tags":[],"class_list":["post-5433","post","type-post","status-publish","format-standard","has-post-thumbnail","hentry","category-noticias-em-manaus","has_thumb"],"aioseo_notices":[],"_links":{"self":[{"href":"https:\/\/www.encontramanausam.com.br\/sobre\/wp-json\/wp\/v2\/posts\/5433","targetHints":{"allow":["GET"]}}],"collection":[{"href":"https:\/\/www.encontramanausam.com.br\/sobre\/wp-json\/wp\/v2\/posts"}],"about":[{"href":"https:\/\/www.encontramanausam.com.br\/sobre\/wp-json\/wp\/v2\/types\/post"}],"author":[{"embeddable":true,"href":"https:\/\/www.encontramanausam.com.br\/sobre\/wp-json\/wp\/v2\/users\/1"}],"replies":[{"embeddable":true,"href":"https:\/\/www.encontramanausam.com.br\/sobre\/wp-json\/wp\/v2\/comments?post=5433"}],"version-history":[{"count":0,"href":"https:\/\/www.encontramanausam.com.br\/sobre\/wp-json\/wp\/v2\/posts\/5433\/revisions"}],"wp:featuredmedia":[{"embeddable":true,"href":"https:\/\/www.encontramanausam.com.br\/sobre\/wp-json\/wp\/v2\/media\/5432"}],"wp:attachment":[{"href":"https:\/\/www.encontramanausam.com.br\/sobre\/wp-json\/wp\/v2\/media?parent=5433"}],"wp:term":[{"taxonomy":"category","embeddable":true,"href":"https:\/\/www.encontramanausam.com.br\/sobre\/wp-json\/wp\/v2\/categories?post=5433"},{"taxonomy":"post_tag","embeddable":true,"href":"https:\/\/www.encontramanausam.com.br\/sobre\/wp-json\/wp\/v2\/tags?post=5433"}],"curies":[{"name":"wp","href":"https:\/\/api.w.org\/{rel}","templated":true}]}}