{"id":5417,"date":"2026-04-09T02:54:48","date_gmt":"2026-04-09T05:54:48","guid":{"rendered":"https:\/\/www.encontramanausam.com.br\/sobre\/acao-integrada-da-prefeitura-combate-ocupacao-irregular-de-vagas-do-zona-azul-no-centro\/"},"modified":"2026-04-09T02:54:48","modified_gmt":"2026-04-09T05:54:48","slug":"acao-integrada-da-prefeitura-combate-ocupacao-irregular-de-vagas-do-zona-azul-no-centro","status":"publish","type":"post","link":"https:\/\/www.encontramanausam.com.br\/sobre\/acao-integrada-da-prefeitura-combate-ocupacao-irregular-de-vagas-do-zona-azul-no-centro\/","title":{"rendered":"A\u00e7\u00e3o integrada da prefeitura combate ocupa\u00e7\u00e3o irregular de vagas do Zona Azul no Centro"},"content":{"rendered":"<div class=\"882fdd0d88065009358e99f1a9406c55\" data-index=\"1\" style=\"float: none; margin:0px;\">\n<script async src=\"https:\/\/pagead2.googlesyndication.com\/pagead\/js\/adsbygoogle.js?client=ca-pub-8585364105181520\"\r\n     crossorigin=\"anonymous\"><\/script>\r\n<!-- Anuncio display - global -->\r\n<ins class=\"adsbygoogle\"\r\n     style=\"display:block\"\r\n     data-ad-client=\"ca-pub-8585364105181520\"\r\n     data-ad-slot=\"8789329856\"\r\n     data-ad-format=\"auto\"\r\n     data-full-width-responsive=\"true\"><\/ins>\r\n<script>\r\n     (adsbygoogle = window.adsbygoogle || []).push({});\r\n<\/script>\n<\/div>\n<h2>O que \u00e9 a A\u00e7\u00e3o Integrada?<\/h2>\n<p>A A\u00e7\u00e3o Integrada executada pela <strong>Prefeitura de Manaus<\/strong> visa prevenir e combater a <strong>ocupa\u00e7\u00e3o irregular das vagas do estacionamento rotativo Zona Azul<\/strong>, que ocorre principalmente no centro da cidade. Essa opera\u00e7\u00e3o re\u00fane esfor\u00e7os de diversas autoridades locais, como a <strong>Ag\u00eancia Reguladora dos Servi\u00e7os P\u00fablicos Delegados do Munic\u00edpio de Manaus (Ageman)<\/strong>, o <strong>Instituto Municipal de Mobilidade Urbana (IMMU)<\/strong> e a <strong>Secretaria Municipal de Agricultura, Abastecimento, Centro e Com\u00e9rcio Informal (Semacc)<\/strong>, em um esfor\u00e7o conjunto para promover a ordem e garantir o acesso \u00e0s vagas destinadas a todos.<\/p>\n<h2>Objetivos da Opera\u00e7\u00e3o no Centro<\/h2>\n<p>Os principais objetivos da opera\u00e7\u00e3o incluem:<\/p>\n<ul>\n<li><strong>Educar<\/strong>: Conscientizar comerciantes e usu\u00e1rios sobre a import\u00e2ncia do uso adequado das vagas do Zona Azul.<\/li>\n<li><strong>Fiscalizar<\/strong>: Monitorar e coibir pr\u00e1ticas de ocupa\u00e7\u00e3o indevida das vagas.<\/li>\n<li><strong>Facilitar o acesso<\/strong>: Garantir que todos possam usufruir do estacionamento rotativo, promovendo a rotatividade e fluxo de clientes para o com\u00e9rcio local.<\/li>\n<\/ul>\n<h2>Import\u00e2ncia da Rotatividade nas Vagas<\/h2>\n<p>A rotatividade nas vagas do Zona Azul desempenha um papel fundamental na din\u00e2mica do com\u00e9rcio em \u00e1reas urbanas:<\/p>\n<p><img decoding=\"async\" src=\"https:\/\/www.encontramanausam.com.br\/sobre\/wp-content\/uploads\/2026\/04\/acao-integrada-da-prefeitura-combate-ocupacao-irregular-de-vagas-do-zona-azul-no-centro.webp\" alt=\"ocupa\u00e7\u00e3o irregular de vagas Zona Azul\" loading=\"lazy\" \/><\/p>\n<ul>\n<li><strong>Acesso Facilitado:<\/strong> Vagas dispon\u00edveis permitem que novos clientes acessem os estabelecimentos, promovendo mais vendas.<\/li>\n<li><strong>Redu\u00e7\u00e3o de Congestionamentos:<\/strong> Com mais lugares dispon\u00edveis, h\u00e1 menos tempo gasto procurando por uma vaga, o que diminui o tr\u00e1fego.<\/li>\n<li><strong>Organiza\u00e7\u00e3o do Espa\u00e7o P\u00fablico:<\/strong> O uso correto das vagas ajuda a manter a ordem nas vias e cal\u00e7adas, garantindo a mobilidade de pedestres e ve\u00edculos.<\/li>\n<\/ul>\n<h2>Resultados da Primeira A\u00e7\u00e3o Integrada<\/h2>\n<p>A primeira a\u00e7\u00e3o de fiscaliza\u00e7\u00e3o resultou na emiss\u00e3o de 15 autos de infra\u00e7\u00e3o, que se deram principalmente pela <strong>ocupa\u00e7\u00e3o de motocicletas em vagas destinadas a idosos<\/strong> e pela presen\u00e7a de ve\u00edculos estacionados sem os devidos cr\u00e9ditos. Al\u00e9m disso, <strong>tr\u00eas notifica\u00e7\u00f5es<\/strong> foram realizadas a trabalhadores informais que obstru\u00edam espa\u00e7os com mercadorias.<\/p>\n<h2>Desafios da Ocupa\u00e7\u00e3o Irregular<\/h2>\n<p>A ocupa\u00e7\u00e3o irregular das vagas do Zona Azul apresenta diversos desafios:<\/p>\n<ul>\n<li><strong>Atividade Comercial Comprometida:<\/strong> A obstru\u00e7\u00e3o das vagas pode afastar clientes, prejudicando o com\u00e9rcio local.<\/li>\n<li><strong>Dificuldade de Acesso:<\/strong> Usu\u00e1rios encontram dificuldades para estacionar, resultando em frustra\u00e7\u00e3o e perda de tempo.<\/li>\n<li><strong>Exposi\u00e7\u00e3o de Mercadorias Impropria:<\/strong> Muitos comerciantes ocupam as vagas indevidamente para exibir produtos, o que infringe a legisla\u00e7\u00e3o e degrada o espa\u00e7o p\u00fablico.<\/li>\n<\/ul>\n<h2>Como a A\u00e7\u00e3o Impacta o Com\u00e9rcio Local<\/h2>\n<p>As a\u00e7\u00f5es de fiscaliza\u00e7\u00e3o e conscientiza\u00e7\u00e3o t\u00eam um impacto direto no com\u00e9rcio local, pois:<\/p>\n<ul>\n<li><strong>Aumenta o fluxo de clientes:<\/strong> Com vagas dispon\u00edveis, mais pessoas podem acessar os estabelecimentos.<\/li>\n<li><strong>Melhora a imagem da \u00e1rea:<\/strong> Um espa\u00e7o organizado atrai mais visitantes e potenciais consumidores.<\/li>\n<li><strong>Fomenta vendas:<\/strong> A visibilidade e o f\u00e1cil acesso aos neg\u00f3cios contribuem para o aumento das vendas.<\/li>\n<\/ul>\n<h2>Educa\u00e7\u00e3o e Conscientiza\u00e7\u00e3o dos Usu\u00e1rios<\/h2>\n<p>A educa\u00e7\u00e3o dos usu\u00e1rios \u00e9 vital para o sucesso da A\u00e7\u00e3o Integrada:<\/p>\n<ul>\n<li><strong>Palestras e Informativos:<\/strong> Distribui\u00e7\u00e3o de materiais educativos refor\u00e7ando as normas do estacionamento.<\/li>\n<li><strong>Colabora\u00e7\u00e3o com Comerciantes:<\/strong> Envolver os lojistas na promo\u00e7\u00e3o de uma cultura de respeito \u00e0s regras de estacionamento.<\/li>\n<li><strong>Engajamento Comunit\u00e1rio:<\/strong> Incentivar a comunidade a participar da fiscaliza\u00e7\u00e3o informal, reportando irregularidades.<\/li>\n<\/ul>\n<h2>Pr\u00f3ximas Etapas da Fiscaliza\u00e7\u00e3o<\/h2>\n<p>A fiscaliza\u00e7\u00e3o ser\u00e1 cont\u00ednua e evoluir\u00e1 para a\u00e7\u00f5es administrativas nos casos de descumprimento:<\/p>\n<ul>\n<li><strong>Opera\u00e7\u00f5es Peri\u00f3dicas:<\/strong> A prefeitura planeja realizar fiscaliza\u00e7\u00f5es regulares em v\u00e1rias \u00e1reas da cidade.<\/li>\n<li><strong>Amplia\u00e7\u00e3o das Notifica\u00e7\u00f5es:<\/strong> Aumentar o n\u00famero de autua\u00e7\u00f5es para conscientizar sobre as penalidades.<\/li>\n<li><strong>Campanhas de Sensibiliza\u00e7\u00e3o:<\/strong> Criar iniciativas para informar a popula\u00e7\u00e3o sobre as regras do Zona Azul e sua import\u00e2ncia.<\/li>\n<\/ul>\n<h2>A Import\u00e2ncia de Denunciar Irregularidades<\/h2>\n<p>A participa\u00e7\u00e3o da popula\u00e7\u00e3o \u00e9 essencial para o sucesso desta a\u00e7\u00e3o. Cidad\u00e3os podem denunciar irregularidades atrav\u00e9s:<\/p>\n<ul>\n<li><strong>Ouvidoria da Ageman:<\/strong> Contato via telefone, email ou presencialmente.<\/li>\n<li><strong>Redes Sociais:<\/strong> Utiliza\u00e7\u00e3o de plataformas sociais para reportar problemas nas \u00e1reas de estacionamento.<\/li>\n<li><strong>Colabora\u00e7\u00e3o com os agentes de fiscaliza\u00e7\u00e3o:<\/strong> Ajudar na identifica\u00e7\u00e3o de pr\u00e1ticas indevidas com informa\u00e7\u00f5es precisas.<\/li>\n<\/ul>\n<h2>Vagas do Zona Azul: Direitos e Deveres dos Usu\u00e1rios<\/h2>\n<p>\u00c9 crucial que todos entendam seus direitos e deveres ao utilizar as vagas do Zona Azul:<\/p>\n<ul>\n<li><strong>Direitos:<\/strong> Ter acesso a vagas adequadamente sinalizadas, com a garantia de n\u00e3o terem seu espa\u00e7o obstru\u00eddo.<\/li>\n<li><strong>Deveres:<\/strong> Respeitar a rotatividade, adquirir cr\u00e9ditos para estacionar e n\u00e3o obstruir \u00e1reas destinadas a pedestres e cargas.<\/li>\n<\/ul>\n<p>Com a implementa\u00e7\u00e3o dessas a\u00e7\u00f5es integradas, espera-se n\u00e3o apenas melhorar a organiza\u00e7\u00e3o e acessibilidade das vagas p\u00fablicas, mas tamb\u00e9m estimular um ambiente comercial mais vibrante e acess\u00edvel para todos em Manaus.<\/p>\n\n<div style=\"font-size: 0px; height: 0px; line-height: 0px; margin: 0; padding: 0; clear: both;\"><\/div>","protected":false},"excerpt":{"rendered":"<p>A\u00e7\u00e3o integrada da prefeitura combate a ocupa\u00e7\u00e3o irregular de vagas no Centro de Manaus.<\/p>\n","protected":false},"author":1,"featured_media":5416,"comment_status":"closed","ping_status":"closed","sticky":false,"template":"","format":"standard","meta":{"footnotes":""},"categories":[1],"tags":[],"class_list":["post-5417","post","type-post","status-publish","format-standard","has-post-thumbnail","hentry","category-noticias-em-manaus","has_thumb"],"aioseo_notices":[],"_links":{"self":[{"href":"https:\/\/www.encontramanausam.com.br\/sobre\/wp-json\/wp\/v2\/posts\/5417","targetHints":{"allow":["GET"]}}],"collection":[{"href":"https:\/\/www.encontramanausam.com.br\/sobre\/wp-json\/wp\/v2\/posts"}],"about":[{"href":"https:\/\/www.encontramanausam.com.br\/sobre\/wp-json\/wp\/v2\/types\/post"}],"author":[{"embeddable":true,"href":"https:\/\/www.encontramanausam.com.br\/sobre\/wp-json\/wp\/v2\/users\/1"}],"replies":[{"embeddable":true,"href":"https:\/\/www.encontramanausam.com.br\/sobre\/wp-json\/wp\/v2\/comments?post=5417"}],"version-history":[{"count":0,"href":"https:\/\/www.encontramanausam.com.br\/sobre\/wp-json\/wp\/v2\/posts\/5417\/revisions"}],"wp:featuredmedia":[{"embeddable":true,"href":"https:\/\/www.encontramanausam.com.br\/sobre\/wp-json\/wp\/v2\/media\/5416"}],"wp:attachment":[{"href":"https:\/\/www.encontramanausam.com.br\/sobre\/wp-json\/wp\/v2\/media?parent=5417"}],"wp:term":[{"taxonomy":"category","embeddable":true,"href":"https:\/\/www.encontramanausam.com.br\/sobre\/wp-json\/wp\/v2\/categories?post=5417"},{"taxonomy":"post_tag","embeddable":true,"href":"https:\/\/www.encontramanausam.com.br\/sobre\/wp-json\/wp\/v2\/tags?post=5417"}],"curies":[{"name":"wp","href":"https:\/\/api.w.org\/{rel}","templated":true}]}}