{"id":5415,"date":"2026-04-08T02:59:43","date_gmt":"2026-04-08T05:59:43","guid":{"rendered":"https:\/\/www.encontramanausam.com.br\/sobre\/prefeitura-recebe-visita-do-mp\/"},"modified":"2026-04-08T02:59:43","modified_gmt":"2026-04-08T05:59:43","slug":"prefeitura-recebe-visita-do-mp","status":"publish","type":"post","link":"https:\/\/www.encontramanausam.com.br\/sobre\/prefeitura-recebe-visita-do-mp\/","title":{"rendered":"Prefeitura recebe visita do MP"},"content":{"rendered":"<div class=\"882fdd0d88065009358e99f1a9406c55\" data-index=\"1\" style=\"float: none; margin:0px;\">\n<script async src=\"https:\/\/pagead2.googlesyndication.com\/pagead\/js\/adsbygoogle.js?client=ca-pub-8585364105181520\"\r\n     crossorigin=\"anonymous\"><\/script>\r\n<!-- Anuncio display - global -->\r\n<ins class=\"adsbygoogle\"\r\n     style=\"display:block\"\r\n     data-ad-client=\"ca-pub-8585364105181520\"\r\n     data-ad-slot=\"8789329856\"\r\n     data-ad-format=\"auto\"\r\n     data-full-width-responsive=\"true\"><\/ins>\r\n<script>\r\n     (adsbygoogle = window.adsbygoogle || []).push({});\r\n<\/script>\n<\/div>\n<h2>Import\u00e2ncia da visita do MP-AM ao Eamaar<\/h2>\n<p>Recentemente, a Prefeitura de Manaus, atrav\u00e9s da Secretaria Municipal da Mulher, Assist\u00eancia Social e Cidadania (Semasc), recebeu a visita do Minist\u00e9rio P\u00fablico do Estado do Amazonas (MP-AM). O encontro ocorreu no Espa\u00e7o de Atendimento Multidisciplinar ao Autista Amigo Ruy (Eamaar) e teve como principal inten\u00e7\u00e3o apresentar a estrutura f\u00edsica e os servi\u00e7os oferecidos, al\u00e9m de discutir poss\u00edveis expans\u00f5es no atendimento dirigido a crian\u00e7as e adolescentes que apresentam Transtorno do Espectro Autista (TEA).<\/p>\n<h2>Modelo de atendimento eficiente para crian\u00e7as com TEA<\/h2>\n<p>O Eamaar destaca-se por ser um modelo de atendimento que integra diversas \u00e1reas profissionais para fornecer um suporte abrangente \u00e0s crian\u00e7as com TEA. Este espa\u00e7o tem se tornado refer\u00eancia n\u00e3o apenas para Manaus, mas tamb\u00e9m para outras localidades do Brasil, devido \u00e0 sua abordagem multidisciplinar, que propicia um atendimento especializado e diversificado, respons\u00e1vel por resultados significativos no desenvolvimento das crian\u00e7as atendidas.<\/p>\n<h2>Servi\u00e7os oferecidos pelo Eamaar<\/h2>\n<p>O Eamaar oferece uma gama completa de servi\u00e7os, que inclui:<\/p>\n<p><img decoding=\"async\" src=\"https:\/\/www.encontramanausam.com.br\/sobre\/wp-content\/uploads\/2026\/04\/prefeitura-recebe-visita-do-mp.webp\" alt=\"amplia\u00e7\u00e3o de atendimentos a pessoas com TEA\" loading=\"lazy\" \/><\/p>\n<ul>\n<li><strong>Diagn\u00f3stico:<\/strong> Avalia\u00e7\u00e3o detalhada das necessidades de cada crian\u00e7a.<\/li>\n<li><strong>Emiss\u00e3o de laudos:<\/strong> Documenta\u00e7\u00e3o necess\u00e1ria para benef\u00edcios e servi\u00e7os m\u00e9dicos.<\/li>\n<li><strong>Terapias:<\/strong> O espa\u00e7o oferece terapias ocupacionais, fonoaudiologia e psicologia, entre outras.<\/li>\n<li><strong>Atendimento odontol\u00f3gico:<\/strong> Cuidados essenciais para a sa\u00fade bucal dos pequenos.<\/li>\n<\/ul>\n<h2>Colabora\u00e7\u00e3o entre Semasc, Semsa e Semed<\/h2>\n<p>A colabora\u00e7\u00e3o entre as secretarias municipais de Assist\u00eancia Social (Semasc), Sa\u00fade (Semsa) e Educa\u00e7\u00e3o (Semed) \u00e9 fundamental para o funcionamento do Eamaar. Essa parceria permite a integra\u00e7\u00e3o dos servi\u00e7os e a coordena\u00e7\u00e3o de esfor\u00e7os para atender de forma completa as necessidades das crian\u00e7as com TEA, garantindo que recebam o suporte necess\u00e1rio em v\u00e1rias frentes.<\/p>\n<h2>Reconhecimento do trabalho realizado<\/h2>\n<p>O secret\u00e1rio da Semasc, Nildo Mello, expressou o valor da visita do MP-AM, ressaltando a avalia\u00e7\u00e3o positiva dos servi\u00e7os do Eamaar. Ele destacou que o espa\u00e7o n\u00e3o s\u00f3 atende pessoas de Manaus, mas se tornou uma refer\u00eancia nacional, oferecendo terapias que promovem um desenvolvimento abrangente e qualidade de vida para as crian\u00e7as autistas.<\/p>\n<h2>Desafios e avan\u00e7os no atendimento a pessoas com TEA<\/h2>\n<p>Durante a visita, o promotor de Justi\u00e7a do MP-AM, Vitor Fonseca, destacou a import\u00e2ncia de um acompanhamento constante das atividades do Eamaar. Ele enfatizou a necessidade de melhorias na estrutura e servi\u00e7os dispon\u00edveis, reafirmando o compromisso do MP em acompanhar a evolu\u00e7\u00e3o do espa\u00e7o e garantir que as necessidades atuais sejam atendidas adequadamente.<\/p>\n<h2>Cria\u00e7\u00e3o da Funda\u00e7\u00e3o Municipal do Transtorno do Espectro Autista<\/h2>\n<p>Uma das propostas discutidas refere-se \u00e0 cria\u00e7\u00e3o da Funda\u00e7\u00e3o Municipal do Transtorno do Espectro Autista (FMTEA). Esta nova funda\u00e7\u00e3o visa ampliar os servi\u00e7os oferecidos pelo Eamaar, garantindo uma abordagem mais integrada e eficaz no atendimento a crian\u00e7as com TEA.<\/p>\n<h2>Atividades complementares para inclus\u00e3o social<\/h2>\n<p>A FMTEA contemplar\u00e1 a implementa\u00e7\u00e3o de atividades complementares, incluindo:<\/p>\n<ul>\n<li><strong>Oficinas de dan\u00e7a e arte:<\/strong> Est\u00edmulos \u00e0 express\u00e3o e criatividade.<\/li>\n<li><strong>Suporte a fam\u00edlias:<\/strong> Apoio psicol\u00f3gico e social para as fam\u00edlias at\u00edpicas.<\/li>\n<li><strong>Cursos profissionalizantes:<\/strong> Oportunidades de capacita\u00e7\u00e3o que visam a inclus\u00e3o no mercado de trabalho.<\/li>\n<li><strong>Capacita\u00e7\u00f5es:<\/strong> Treinamentos voltados para profissionais que atuam na \u00e1rea.<\/li>\n<\/ul>\n<h2>Impacto da terapia multidisciplinar<\/h2>\n<p>A abordagem multidisciplinar adotada pelo Eamaar tem proporcionado resultados significativos no desenvolvimento das crian\u00e7as. O acompanhamento em diversas \u00e1reas permite que cada crian\u00e7a tenha suas particularidades atendidas, promovendo uma evolu\u00e7\u00e3o consistente em sua sa\u00fade f\u00edsica, social e emocional.<\/p>\n<h2>Perspectivas futuras para o atendimento a crian\u00e7as com TEA<\/h2>\n<p>A visita do MP-AM ao Eamaar representa n\u00e3o apenas um reconhecimento do trabalho j\u00e1 realizado, mas tamb\u00e9m um sinal de esperan\u00e7a para o futuro. A cria\u00e7\u00e3o da FMTEA e as iniciativas direcionadas \u00e0 inclus\u00e3o e ao desenvolvimento integral das crian\u00e7as com TEA s\u00e3o passos importantes que prometem transformar o cen\u00e1rio do atendimento a essas crian\u00e7as em Manaus e, possivelmente, em todo o Brasil.<\/p>\n<p>O di\u00e1logo cont\u00ednuo entre as entidades privadas e p\u00fablicas \u00e9 essencial para garantir que todos os desafios sejam superados, promovendo assim um servi\u00e7o de qualidade e efici\u00eancia que atenda as necessidades dos indiv\u00edduos com TEA e suas fam\u00edlias.<\/p>\n\n<div style=\"font-size: 0px; height: 0px; line-height: 0px; margin: 0; padding: 0; clear: both;\"><\/div>","protected":false},"excerpt":{"rendered":"<p>Amplia\u00e7\u00e3o de atendimentos a pessoas com TEA em Manaus busca melhorar a qualidade de vida.<\/p>\n","protected":false},"author":1,"featured_media":5414,"comment_status":"closed","ping_status":"closed","sticky":false,"template":"","format":"standard","meta":{"footnotes":""},"categories":[1],"tags":[],"class_list":["post-5415","post","type-post","status-publish","format-standard","has-post-thumbnail","hentry","category-noticias-em-manaus","has_thumb"],"aioseo_notices":[],"_links":{"self":[{"href":"https:\/\/www.encontramanausam.com.br\/sobre\/wp-json\/wp\/v2\/posts\/5415","targetHints":{"allow":["GET"]}}],"collection":[{"href":"https:\/\/www.encontramanausam.com.br\/sobre\/wp-json\/wp\/v2\/posts"}],"about":[{"href":"https:\/\/www.encontramanausam.com.br\/sobre\/wp-json\/wp\/v2\/types\/post"}],"author":[{"embeddable":true,"href":"https:\/\/www.encontramanausam.com.br\/sobre\/wp-json\/wp\/v2\/users\/1"}],"replies":[{"embeddable":true,"href":"https:\/\/www.encontramanausam.com.br\/sobre\/wp-json\/wp\/v2\/comments?post=5415"}],"version-history":[{"count":0,"href":"https:\/\/www.encontramanausam.com.br\/sobre\/wp-json\/wp\/v2\/posts\/5415\/revisions"}],"wp:featuredmedia":[{"embeddable":true,"href":"https:\/\/www.encontramanausam.com.br\/sobre\/wp-json\/wp\/v2\/media\/5414"}],"wp:attachment":[{"href":"https:\/\/www.encontramanausam.com.br\/sobre\/wp-json\/wp\/v2\/media?parent=5415"}],"wp:term":[{"taxonomy":"category","embeddable":true,"href":"https:\/\/www.encontramanausam.com.br\/sobre\/wp-json\/wp\/v2\/categories?post=5415"},{"taxonomy":"post_tag","embeddable":true,"href":"https:\/\/www.encontramanausam.com.br\/sobre\/wp-json\/wp\/v2\/tags?post=5415"}],"curies":[{"name":"wp","href":"https:\/\/api.w.org\/{rel}","templated":true}]}}