{"id":5154,"date":"2026-02-10T02:58:34","date_gmt":"2026-02-10T05:58:34","guid":{"rendered":"https:\/\/www.encontramanausam.com.br\/sobre\/periodo-de-submissao-para-mostra-manaus-aqui-tem-sus-encerra-com-inscricao-de-171-trabalhos\/"},"modified":"2026-02-10T02:58:34","modified_gmt":"2026-02-10T05:58:34","slug":"periodo-de-submissao-para-mostra-manaus-aqui-tem-sus-encerra-com-inscricao-de-171-trabalhos","status":"publish","type":"post","link":"https:\/\/www.encontramanausam.com.br\/sobre\/periodo-de-submissao-para-mostra-manaus-aqui-tem-sus-encerra-com-inscricao-de-171-trabalhos\/","title":{"rendered":"Per\u00edodo de submiss\u00e3o para mostra \u2018Manaus, Aqui tem SUS\u2019 encerra com inscri\u00e7\u00e3o de 171 trabalhos"},"content":{"rendered":"<div class=\"882fdd0d88065009358e99f1a9406c55\" data-index=\"1\" style=\"float: none; margin:0px;\">\n<script async src=\"https:\/\/pagead2.googlesyndication.com\/pagead\/js\/adsbygoogle.js?client=ca-pub-8585364105181520\"\r\n     crossorigin=\"anonymous\"><\/script>\r\n<!-- Anuncio display - global -->\r\n<ins class=\"adsbygoogle\"\r\n     style=\"display:block\"\r\n     data-ad-client=\"ca-pub-8585364105181520\"\r\n     data-ad-slot=\"8789329856\"\r\n     data-ad-format=\"auto\"\r\n     data-full-width-responsive=\"true\"><\/ins>\r\n<script>\r\n     (adsbygoogle = window.adsbygoogle || []).push({});\r\n<\/script>\n<\/div>\n<h2>O que \u00e9 a Mostra \u2018Manaus, Aqui tem SUS\u2019?<\/h2>\n<p>A Mostra \u2018Manaus, Aqui tem SUS\u2019 \u00e9 um evento anual coordenado pela Prefeitura de Manaus, com suporte da Secretaria Municipal de Sa\u00fade (Semsa) e da Escola de Sa\u00fade P\u00fablica (Esap Manaus). Este evento visa criar um espa\u00e7o para o compartilhamento de experi\u00eancias exitosas que foram implementadas dentro do Sistema \u00danico de Sa\u00fade (SUS), promovendo a troca de conhecimento e a valoriza\u00e7\u00e3o de iniciativas que trazem resultados positivos na rede municipal de sa\u00fade.<\/p>\n<h2>Total de inscri\u00e7\u00f5es e compara\u00e7\u00e3o com anos anteriores<\/h2>\n<p>No \u00faltimo ciclo da Mostra, a quarta edi\u00e7\u00e3o, o per\u00edodo de inscri\u00e7\u00f5es para os trabalhos encerrou em 7 de fevereiro, totalizando 171 submiss\u00f5es. Este n\u00famero representa um aumento significativo de 43,7% em compara\u00e7\u00e3o \u00e0 edi\u00e7\u00e3o anterior, que recebeu 119 propostas. Essa tend\u00eancia crescente evidencia o crescente interesse e a participa\u00e7\u00e3o da comunidade e dos profissionais de sa\u00fade no evento, refletindo um engajamento maior no compartilhamento de inova\u00e7\u00f5es e experi\u00eancias no SUS.<\/p>\n<h2>Import\u00e2ncia da participa\u00e7\u00e3o na Mostra<\/h2>\n<p>A participa\u00e7\u00e3o na Mostra \u00e9 crucial, pois proporciona uma plataforma para profissionais e institui\u00e7\u00f5es de sa\u00fade demonstrarem seus trabalhos e impacto na comunidade. Al\u00e9m disso, o evento fomenta a constru\u00e7\u00e3o de redes de colabora\u00e7\u00e3o entre os participantes, o que pode resultar em novas parcerias e projetos futuros. Compartilhar experi\u00eancias de sucesso n\u00e3o s\u00f3 inspira outros profissionais da sa\u00fade, como tamb\u00e9m contribui para a melhoria cont\u00ednua dos servi\u00e7os prestados \u00e0 popula\u00e7\u00e3o.<\/p>\n<p><img decoding=\"async\" src=\"https:\/\/www.encontramanausam.com.br\/sobre\/wp-content\/uploads\/2026\/02\/periodo-de-submissao-para-mostra-manaus-aqui-tem-sus-encerra-com-inscricao-de-171-trabalhos.webp\" alt=\"Mostra Manaus Aqui tem SUS\" loading=\"lazy\" \/><\/p>\n<h2>Crit\u00e9rios para valida\u00e7\u00e3o dos trabalhos submetidos<\/h2>\n<p>Os trabalhos submetidos passam por um rigoroso processo de avalia\u00e7\u00e3o conduzido pela Comiss\u00e3o Cient\u00edfica da Mostra. Essa comiss\u00e3o tem a responsabilidade de validar se as propostas atendem aos crit\u00e9rios estabelecidos no regulamento do evento. Entre os pontos analisados est\u00e3o: a relev\u00e2ncia da experi\u00eancia, os resultados alcan\u00e7ados, o alinhamento \u00e0s diretrizes do SUS, e o grau de inova\u00e7\u00e3o e aplicabilidade da proposta. O resultado dessa avalia\u00e7\u00e3o ser\u00e1 divulgado at\u00e9 20 de fevereiro.<\/p>\n<h2>Pr\u00f3ximas etapas do evento<\/h2>\n<p>Ap\u00f3s a valida\u00e7\u00e3o dos trabalhos, o cronograma da Mostra continua com a etapa de avalia\u00e7\u00e3o escrita, que acontecer\u00e1 de 23 de fevereiro a 6 de mar\u00e7o. Em seguida, no dia 11 de mar\u00e7o, ser\u00e3o anunciados os trabalhos que avan\u00e7ar\u00e3o para a apresenta\u00e7\u00e3o oral e os que ser\u00e3o destacados na Exposi\u00e7\u00e3o de Experi\u00eancias Exitosas. A Mostra ser\u00e1 realizada entre os dias 25 e 27 de mar\u00e7o, onde acontecer\u00e3o avalia\u00e7\u00f5es e exposi\u00e7\u00f5es.<\/p>\n<h2>\u00c1reas tem\u00e1ticas abordadas na Mostra<\/h2>\n<p>A 4\u00aa Mostra \u2018Manaus, Aqui tem SUS\u2019 abrange um leque diversificado de \u00e1reas tem\u00e1ticas, incluindo:<\/p>\n<ul>\n<li>Gest\u00e3o e Planejamento do SUS<\/li>\n<li>Controle Social e Participa\u00e7\u00e3o da Comunidade na Sa\u00fade<\/li>\n<li>Gest\u00e3o do Trabalho e da Educa\u00e7\u00e3o na Sa\u00fade<\/li>\n<li>Aten\u00e7\u00e3o B\u00e1sica<\/li>\n<li>Modelo de Aten\u00e7\u00e3o \u00e0 Sa\u00fade<\/li>\n<li>Vigil\u00e2ncia em Sa\u00fade no Munic\u00edpio<\/li>\n<li>Regula\u00e7\u00e3o do SUS no Munic\u00edpio<\/li>\n<li>Gest\u00e3o da Assist\u00eancia Farmac\u00eautica<\/li>\n<li>Sa\u00fade Digital<\/li>\n<li>Sa\u00fade Mental<\/li>\n<\/ul>\n<p>Essas \u00e1reas refletem a diversidade do sistema de sa\u00fade e permitem um di\u00e1logo amplo sobre as pr\u00e1ticas e desafios enfrentados na implementa\u00e7\u00e3o do SUS.<\/p>\n<h2>O papel da Secretaria Municipal de Sa\u00fade<\/h2>\n<p>A Secretaria Municipal de Sa\u00fade (Semsa) desempenha um papel fundamental na organiza\u00e7\u00e3o e coordena\u00e7\u00e3o da Mostra. Al\u00e9m de ser respons\u00e1vel pela comunica\u00e7\u00e3o entre os profissionais da sa\u00fade e a comunidade, a Semsa assegura que o evento seja uma vitrine das melhores pr\u00e1ticas de sa\u00fade p\u00fablica na cidade. Seu papel \u00e9 garantir que os trabalhos apresentados sejam relevantes e contribuam efetivamente para a melhoria da sa\u00fade no munic\u00edpio.<\/p>\n<h2>Como os trabalhos ser\u00e3o avaliados<\/h2>\n<p>Os trabalhos selecionados para apresenta\u00e7\u00e3o oral ser\u00e3o avaliados por um grupo de avaliadores externos, que considerar\u00e3o diversos crit\u00e9rios como a relev\u00e2ncia das iniciativas, os resultados obtidos, a inova\u00e7\u00e3o das propostas e sua aplicabilidade no contexto do SUS. Dentre os trabalhos apresentados, os dez melhores classificados na apresenta\u00e7\u00e3o oral ter\u00e3o a chance de representar a Semsa Manaus na 7\u00aa Mostra \u2018Amazonas, Aqui tem SUS\u2019.<\/p>\n<h2>Data e formato da 4\u00aa Mostra<\/h2>\n<p>A 4\u00aa edi\u00e7\u00e3o da Mostra \u2018Manaus, Aqui tem SUS\u2019 ocorrer\u00e1 de 25 a 27 de mar\u00e7o de 2026. O evento contar\u00e1 com exposi\u00e7\u00f5es de trabalhos, avalia\u00e7\u00f5es por j\u00fari popular e apresenta\u00e7\u00f5es orais. As atividades est\u00e3o programadas para acontecer em hor\u00e1rios variados, proporcionando amplo acesso aos participantes e ao p\u00fablico interessado.<\/p>\n<h2>Expectativas para os resultados da avalia\u00e7\u00e3o<\/h2>\n<p>Com a crescente quantidade de inscri\u00e7\u00f5es e a diversidade das \u00e1reas a serem exploradas, as expectativas para os resultados da avalia\u00e7\u00e3o s\u00e3o altas. O evento n\u00e3o s\u00f3 visa reconhecer e premiar as melhores pr\u00e1ticas, mas tamb\u00e9m fomentar uma cultura de troca de conhecimento e melhorias cont\u00ednuas no SUS. Espera-se que as propostas apresentadas reflitam n\u00e3o apenas a qualidade do trabalho desenvolvido, mas tamb\u00e9m a capacidade de supera\u00e7\u00e3o dos desafios enfrentados na sa\u00fade p\u00fablica.<\/p>\n\n<div style=\"font-size: 0px; height: 0px; line-height: 0px; margin: 0; padding: 0; clear: both;\"><\/div>","protected":false},"excerpt":{"rendered":"<p>O per\u00edodo de submiss\u00e3o para a Mostra &#8216;Manaus, Aqui tem SUS&#8217; encerrou com 171 trabalhos inscritos.<\/p>\n","protected":false},"author":1,"featured_media":5153,"comment_status":"closed","ping_status":"closed","sticky":false,"template":"","format":"standard","meta":{"footnotes":""},"categories":[1],"tags":[],"class_list":["post-5154","post","type-post","status-publish","format-standard","has-post-thumbnail","hentry","category-noticias-em-manaus","has_thumb"],"aioseo_notices":[],"_links":{"self":[{"href":"https:\/\/www.encontramanausam.com.br\/sobre\/wp-json\/wp\/v2\/posts\/5154","targetHints":{"allow":["GET"]}}],"collection":[{"href":"https:\/\/www.encontramanausam.com.br\/sobre\/wp-json\/wp\/v2\/posts"}],"about":[{"href":"https:\/\/www.encontramanausam.com.br\/sobre\/wp-json\/wp\/v2\/types\/post"}],"author":[{"embeddable":true,"href":"https:\/\/www.encontramanausam.com.br\/sobre\/wp-json\/wp\/v2\/users\/1"}],"replies":[{"embeddable":true,"href":"https:\/\/www.encontramanausam.com.br\/sobre\/wp-json\/wp\/v2\/comments?post=5154"}],"version-history":[{"count":0,"href":"https:\/\/www.encontramanausam.com.br\/sobre\/wp-json\/wp\/v2\/posts\/5154\/revisions"}],"wp:featuredmedia":[{"embeddable":true,"href":"https:\/\/www.encontramanausam.com.br\/sobre\/wp-json\/wp\/v2\/media\/5153"}],"wp:attachment":[{"href":"https:\/\/www.encontramanausam.com.br\/sobre\/wp-json\/wp\/v2\/media?parent=5154"}],"wp:term":[{"taxonomy":"category","embeddable":true,"href":"https:\/\/www.encontramanausam.com.br\/sobre\/wp-json\/wp\/v2\/categories?post=5154"},{"taxonomy":"post_tag","embeddable":true,"href":"https:\/\/www.encontramanausam.com.br\/sobre\/wp-json\/wp\/v2\/tags?post=5154"}],"curies":[{"name":"wp","href":"https:\/\/api.w.org\/{rel}","templated":true}]}}