{"id":5097,"date":"2026-01-30T02:59:13","date_gmt":"2026-01-30T05:59:13","guid":{"rendered":"https:\/\/www.encontramanausam.com.br\/sobre\/prefeitura-de-manaus-realiza-seminario-em-alusao-ao-dia-mundial-da-educacao-ambiental-no-inpa\/"},"modified":"2026-01-30T02:59:13","modified_gmt":"2026-01-30T05:59:13","slug":"prefeitura-de-manaus-realiza-seminario-em-alusao-ao-dia-mundial-da-educacao-ambiental-no-inpa","status":"publish","type":"post","link":"https:\/\/www.encontramanausam.com.br\/sobre\/prefeitura-de-manaus-realiza-seminario-em-alusao-ao-dia-mundial-da-educacao-ambiental-no-inpa\/","title":{"rendered":"Prefeitura de Manaus realiza semin\u00e1rio em alus\u00e3o ao Dia Mundial da Educa\u00e7\u00e3o Ambiental no Inpa"},"content":{"rendered":"<div class=\"882fdd0d88065009358e99f1a9406c55\" data-index=\"1\" style=\"float: none; margin:0px;\">\n<script async src=\"https:\/\/pagead2.googlesyndication.com\/pagead\/js\/adsbygoogle.js?client=ca-pub-8585364105181520\"\r\n     crossorigin=\"anonymous\"><\/script>\r\n<!-- Anuncio display - global -->\r\n<ins class=\"adsbygoogle\"\r\n     style=\"display:block\"\r\n     data-ad-client=\"ca-pub-8585364105181520\"\r\n     data-ad-slot=\"8789329856\"\r\n     data-ad-format=\"auto\"\r\n     data-full-width-responsive=\"true\"><\/ins>\r\n<script>\r\n     (adsbygoogle = window.adsbygoogle || []).push({});\r\n<\/script>\n<\/div>\n<h2>O papel da Educa\u00e7\u00e3o Ambiental na sociedade<\/h2>\n<p>A Educa\u00e7\u00e3o Ambiental exerce uma fun\u00e7\u00e3o crucial na forma\u00e7\u00e3o da consci\u00eancia ecol\u00f3gica da popula\u00e7\u00e3o. Atrav\u00e9s dela, as comunidades se tornam mais conscientes sobre a rela\u00e7\u00e3o entre suas a\u00e7\u00f5es e os impactos no meio ambiente. Este tipo de educa\u00e7\u00e3o prop\u00f5e um entendimento abrangente que envolve n\u00e3o apenas informa\u00e7\u00f5es sobre a natureza, mas tamb\u00e9m a promo\u00e7\u00e3o de um comportamento respons\u00e1vel em rela\u00e7\u00e3o a ela.<\/p>\n<p>Durante o semin\u00e1rio realizado pela Prefeitura de Manaus, ficou claro que a Educa\u00e7\u00e3o Ambiental n\u00e3o \u00e9 apenas uma quest\u00e3o de knowledge; \u00e9 uma ferramenta que transforma a maneira como os indiv\u00edduos veem e interpretam sua realidade. Isso \u00e9 essencial para desenvolver uma cultura de respeito e cuidado com o nosso planeta, principalmente em um contexto como o da Amaz\u00f4nia, onde os desafios s\u00e3o imensos.<\/p>\n<h2>Import\u00e2ncia da sustentabilidade na Amaz\u00f4nia<\/h2>\n<p>Na regi\u00e3o amaz\u00f4nica, a sustentabilidade se torna ainda mais relevante, dado que a biodiversidade \u00e9 uma das mais ricas do planeta. A preserva\u00e7\u00e3o dos recursos naturais e a promo\u00e7\u00e3o de pr\u00e1ticas sustent\u00e1veis s\u00e3o imprescind\u00edveis para garantir o equil\u00edbrio ecol\u00f3gico.<\/p>\n<p>A Amaz\u00f4nia n\u00e3o \u00e9 apenas um pulm\u00e3o do mundo, mas tamb\u00e9m uma fonte de riqueza cultural e biol\u00f3gica. A implementa\u00e7\u00e3o de a\u00e7\u00f5es sustent\u00e1veis deve ser uma prioridade, e a Educa\u00e7\u00e3o Ambiental desempenha um papel vital nesse cen\u00e1rio, conscientizando popula\u00e7\u00f5es sobre a import\u00e2ncia de proteger este patrim\u00f4nio.<\/p>\n<h2>Semin\u00e1rio destaca desafios atuais e futuras solu\u00e7\u00f5es<\/h2>\n<p>O semin\u00e1rio \u201cO Estado da Arte da Educa\u00e7\u00e3o Ambiental no Amazonas\u201d trouxe \u00e0 tona n\u00e3o apenas os avan\u00e7os j\u00e1 alcan\u00e7ados, mas tamb\u00e9m os desafios enfrentados na implementa\u00e7\u00e3o de uma educa\u00e7\u00e3o ambiental eficaz e abrangente. Especialistas discutiram a necessidade de integrar a Educa\u00e7\u00e3o Ambiental em todas as esferas sociais e econ\u00f4micas.<\/p>\n<p>A troca de conhecimentos e experi\u00eancias entre os participantes, incluindo acad\u00eamicos e representantes do governo, permitiu uma reflex\u00e3o cr\u00edtica sobre como fortalecer a educa\u00e7\u00e3o e as pr\u00e1ticas ambientais entre os cidad\u00e3os. Isso \u00e9 fundamental para o desenvolvimento de futuras solu\u00e7\u00f5es que garantam a prote\u00e7\u00e3o da Amaz\u00f4nia.<\/p>\n<h2>Palestras impactantes de especialistas renomados<\/h2>\n<p>As palestras foram um dos pontos altos do evento, destacando a relev\u00e2ncia da Educa\u00e7\u00e3o Ambiental como uma estrat\u00e9gia eficaz. O diretor do Inpa, professor Henrique dos Santos Pereira, enfatizou a necessidade de uma abordagem proativa frente ao negacionismo ambiental e clim\u00e1tico. Sua contribui\u00e7\u00e3o trouxe uma nova perspectiva \u00e0s discuss\u00f5es sobre o futuro da Educa\u00e7\u00e3o Ambiental, evidenciando a import\u00e2ncia do conhecimento cient\u00edfico na forma\u00e7\u00e3o de cidad\u00e3os mais cr\u00edticos e informados.<\/p>\n<p>Os participantes tiveram a oportunidade de ouvir outros especialistas como Marcos Sorrentino e Maria Henriqueta Raymundo, que debateram sobre iniciativas bem-sucedidas em distintas regi\u00f5es do Brasil, exp\u00f5em \u00e0 plateia a ideia de que \u00e9 poss\u00edvel educar para a sustentabilidade atrav\u00e9s de projetos inovadores e integrativos.<\/p>\n<h2>Pain\u00e9is virtuais enriquecem debates sobre educa\u00e7\u00e3o<\/h2>\n<p>Outro atrativo do semin\u00e1rio foram os pain\u00e9is virtuais. Essas sess\u00f5es possibilitaram que especialistas de diferentes partes do Brasil apresentassem suas experi\u00eancias e perspectivas. Isso n\u00e3o s\u00f3 enriquecia os debates, mas tamb\u00e9m ampliava a perspectiva sobre o que pode ser feito na \u00e1rea da Educa\u00e7\u00e3o Ambiental.<\/p>\n<p>A intera\u00e7\u00e3o entre os participantes foi valiosa, pois permitiu o compartilhamento de ideias e a constru\u00e7\u00e3o conjunta de solu\u00e7\u00f5es. Os pain\u00e9is abordaram desde as melhores pr\u00e1ticas at\u00e9 os obst\u00e1culos enfrentados, criando um espa\u00e7o prop\u00edcio para o aprendizado m\u00fatuo e a colabora\u00e7\u00e3o.<\/p>\n<h2>Educa\u00e7\u00e3o Ambiental como estrat\u00e9gia contra o negacionismo<\/h2>\n<p>A presen\u00e7a do negacionismo ambiental \u00e9 uma barreira significativa para a implementa\u00e7\u00e3o de pr\u00e1ticas sustent\u00e1veis. O semin\u00e1rio abordou como a Educa\u00e7\u00e3o Ambiental pode ser uma ferramenta poderosa para combater essa tend\u00eancia. Ao educar as comunidades sobre a realidade das mudan\u00e7as clim\u00e1ticas, as a\u00e7\u00f5es humanas e suas consequ\u00eancias, h\u00e1 uma chance maior de formar cidad\u00e3os que se preocupam e atuam em prol do meio ambiente.<\/p>\n<p>Esse enfoque cr\u00edtico ajuda a desmontar mitos e fornece informa\u00e7\u00f5es s\u00f3lidas, promovendo um entendimento hol\u00edstico da situa\u00e7\u00e3o ambiental da Amaz\u00f4nia e da urg\u00eancia de sua prote\u00e7\u00e3o.<\/p>\n<h2>O Estado da Arte da Educa\u00e7\u00e3o Ambiental no Brasil<\/h2>\n<p>O conceito de &#8220;Estado da Arte da Educa\u00e7\u00e3o Ambiental no Brasil&#8221; foi amplamente debatido no semin\u00e1rio, trazendo \u00e0 tona as iniciativas e os esfor\u00e7os realizados em v\u00e1rias regi\u00f5es do pa\u00eds. As experi\u00eancias expostas destacaram que, apesar dos desafios, h\u00e1 um crescente movimento em prol da educa\u00e7\u00e3o para a sustentabilidade.<\/p>\n<p>Cada regi\u00f5es se deparam com suas particularidades, mas a unidade de prop\u00f3sito \u00e9 evidente: educar para a transforma\u00e7\u00e3o social. As melhores pr\u00e1ticas que surgem em diferentes contextos s\u00e3o essenciais para replicar o sucesso e expandir o alcance da Educa\u00e7\u00e3o Ambiental.<\/p>\n<h2>Mensagens-chave do diretor do Inpa<\/h2>\n<p>O diretor do Inpa forneceu insights valiosos durante sua palestra. Ele ressaltou a import\u00e2ncia de um trabalho colaborativo entre institui\u00e7\u00f5es e a sociedade civil. A integra\u00e7\u00e3o de saberes \u00e9 fundamental para enfrentar os desafios ambientais, e a Educa\u00e7\u00e3o Ambiental deve estar no centro dessas discuss\u00f5es.<\/p>\n<p>Henrique enfatizou que, para garantir um legado sustent\u00e1vel para as futuras gera\u00e7\u00f5es, \u00e9 imprescind\u00edvel que todos desempenhem seu papel, desde o poder p\u00fablico at\u00e9 cada cidad\u00e3o individual.<\/p>\n<h2>A voz da sociedade na Educa\u00e7\u00e3o Ambiental<\/h2>\n<p>A participa\u00e7\u00e3o da sociedade civil e a escuta ativa foram temas abordados no semin\u00e1rio. \u00c9 vital que as demandas e preocupa\u00e7\u00f5es da comunidade sejam ouvidas e incorporadas nas pol\u00edticas voltadas para a Educa\u00e7\u00e3o Ambiental. A verdadeira mudan\u00e7a ocorre quando h\u00e1 um di\u00e1logo efetivo entre todos os atores sociais.<\/p>\n<p>Os cidad\u00e3os devem ser empoderados para que se tornem agentes de mudan\u00e7a em suas pr\u00f3prias comunidades. Isso gera uma identifica\u00e7\u00e3o maior com as quest\u00f5es ambientais e fomenta um compromisso coletivo que \u00e9 essencial para a prote\u00e7\u00e3o do meio ambiente.<\/p>\n<h2>Construindo um futuro sustent\u00e1vel juntos<\/h2>\n<p>O semin\u00e1rio que ocorreu em Manaus \u00e9 um passo positivo em dire\u00e7\u00e3o a um futuro mais sustent\u00e1vel. Com o compartilhamento de conhecimento, a reflex\u00e3o cr\u00edtica e a forma\u00e7\u00e3o de parcerias, todos os participantes contribu\u00edram para um objetivo comum: a prote\u00e7\u00e3o da Amaz\u00f4nia e de suas riquezas.<\/p>\n<p>O caminho a seguir deve ser trilho com base na colabora\u00e7\u00e3o, no respeito ao meio ambiente e na urg\u00eancia de promover a Educa\u00e7\u00e3o Ambiental em todos os n\u00edveis. Assim, ser\u00e1 poss\u00edvel construir um amanh\u00e3 mais sustent\u00e1vel, n\u00e3o apenas para a Amaz\u00f4nia, mas para o planeta como um todo.<\/p>\n\n<div style=\"font-size: 0px; height: 0px; line-height: 0px; margin: 0; padding: 0; clear: both;\"><\/div>","protected":false},"excerpt":{"rendered":"<p>Educa\u00e7\u00e3o ambiental ganha destaque em semin\u00e1rio promovido pela prefeitura de Manaus.<\/p>\n","protected":false},"author":1,"featured_media":0,"comment_status":"closed","ping_status":"closed","sticky":false,"template":"","format":"standard","meta":{"footnotes":""},"categories":[15],"tags":[],"class_list":["post-5097","post","type-post","status-publish","format-standard","hentry","category-educacao-em-manaus"],"aioseo_notices":[],"_links":{"self":[{"href":"https:\/\/www.encontramanausam.com.br\/sobre\/wp-json\/wp\/v2\/posts\/5097","targetHints":{"allow":["GET"]}}],"collection":[{"href":"https:\/\/www.encontramanausam.com.br\/sobre\/wp-json\/wp\/v2\/posts"}],"about":[{"href":"https:\/\/www.encontramanausam.com.br\/sobre\/wp-json\/wp\/v2\/types\/post"}],"author":[{"embeddable":true,"href":"https:\/\/www.encontramanausam.com.br\/sobre\/wp-json\/wp\/v2\/users\/1"}],"replies":[{"embeddable":true,"href":"https:\/\/www.encontramanausam.com.br\/sobre\/wp-json\/wp\/v2\/comments?post=5097"}],"version-history":[{"count":0,"href":"https:\/\/www.encontramanausam.com.br\/sobre\/wp-json\/wp\/v2\/posts\/5097\/revisions"}],"wp:attachment":[{"href":"https:\/\/www.encontramanausam.com.br\/sobre\/wp-json\/wp\/v2\/media?parent=5097"}],"wp:term":[{"taxonomy":"category","embeddable":true,"href":"https:\/\/www.encontramanausam.com.br\/sobre\/wp-json\/wp\/v2\/categories?post=5097"},{"taxonomy":"post_tag","embeddable":true,"href":"https:\/\/www.encontramanausam.com.br\/sobre\/wp-json\/wp\/v2\/tags?post=5097"}],"curies":[{"name":"wp","href":"https:\/\/api.w.org\/{rel}","templated":true}]}}