{"id":5089,"date":"2026-01-28T03:02:43","date_gmt":"2026-01-28T06:02:43","guid":{"rendered":"https:\/\/www.encontramanausam.com.br\/sobre\/guarda-municipal-de-manaus-reforca-efetivo-moderniza-equipamentos-e-amplia-capacidade-operacional-em-2025\/"},"modified":"2026-01-28T03:02:43","modified_gmt":"2026-01-28T06:02:43","slug":"guarda-municipal-de-manaus-reforca-efetivo-moderniza-equipamentos-e-amplia-capacidade-operacional-em-2025","status":"publish","type":"post","link":"https:\/\/www.encontramanausam.com.br\/sobre\/guarda-municipal-de-manaus-reforca-efetivo-moderniza-equipamentos-e-amplia-capacidade-operacional-em-2025\/","title":{"rendered":"Guarda Municipal de Manaus refor\u00e7a efetivo, moderniza equipamentos e amplia capacidade operacional em 2025"},"content":{"rendered":"<div class=\"882fdd0d88065009358e99f1a9406c55\" data-index=\"1\" style=\"float: none; margin:0px;\">\n<script async src=\"https:\/\/pagead2.googlesyndication.com\/pagead\/js\/adsbygoogle.js?client=ca-pub-8585364105181520\"\r\n     crossorigin=\"anonymous\"><\/script>\r\n<!-- Anuncio display - global -->\r\n<ins class=\"adsbygoogle\"\r\n     style=\"display:block\"\r\n     data-ad-client=\"ca-pub-8585364105181520\"\r\n     data-ad-slot=\"8789329856\"\r\n     data-ad-format=\"auto\"\r\n     data-full-width-responsive=\"true\"><\/ins>\r\n<script>\r\n     (adsbygoogle = window.adsbygoogle || []).push({});\r\n<\/script>\n<\/div>\n<h2>Refor\u00e7o no Efetivo da Guarda Municipal<\/h2>\n<p>Em um esfor\u00e7o cont\u00ednuo para aprimorar a seguran\u00e7a p\u00fablica em Manaus, a Guarda Municipal passou por uma significativa expans\u00e3o em seu efetivo em 2025. Essa iniciativa foi impulsionada pela necessidade de aumentar a presen\u00e7a de agentes capacitados nas ruas, proporcionando uma resposta r\u00e1pida e eficaz \u00e0s demandas de seguran\u00e7a da comunidade.<\/p>\n<p>Com a nomea\u00e7\u00e3o de novos profissionais, mais de 200 guardas municipalizados foram oficialmente integrados \u00e0 corpora\u00e7\u00e3o. Essa amplia\u00e7\u00e3o foi fruto de um concurso p\u00fablico realizado em mar\u00e7o de 2025, onde candidatos selecionados passaram por um rigoroso treinamento que totalizou mais de 450 horas, preparando-os para os desafios do dia a dia nas opera\u00e7\u00f5es de seguran\u00e7a.<\/p>\n<h2>Novos Equipamentos e Tecnologias<\/h2>\n<p>Al\u00e9m do aumento no n\u00famero de agentes, a moderniza\u00e7\u00e3o dos equipamentos tamb\u00e9m foi uma prioridade na reestrutura\u00e7\u00e3o da Guarda Municipal. A corpora\u00e7\u00e3o adotou novas armaduras e armas de menor potencial ofensivo, seguindo protocolos internacionais de seguran\u00e7a e respeitando normas de uso progressivo da for\u00e7a. Essa mudan\u00e7a n\u00e3o apenas equipou os agentes com ferramentas adequadas para suas fun\u00e7\u00f5es, mas tamb\u00e9m alinhou as pr\u00e1ticas operacionais da guarda com as melhores pr\u00e1ticas de seguran\u00e7a p\u00fablica.<\/p>\n<p><img decoding=\"async\" src=\"https:\/\/www.encontramanausam.com.br\/sobre\/wp-content\/uploads\/2026\/01\/guarda-municipal-de-manaus-reforca-efetivo-moderniza-equipamentos-e-amplia-capacidade-operacional-em.webp\" alt=\"Guarda Municipal de Manaus\" loading=\"lazy\" \/><\/p>\n<p>Ao todo, a municipalidade investiu na aquisi\u00e7\u00e3o de 30 espingardas de calibre 12 e 350 coletes bal\u00edsticos, de \u00faltima gera\u00e7\u00e3o, garantindo que os agentes estejam protegidos e preparados para qualquer eventualidade. A moderniza\u00e7\u00e3o dos equipamentos vem acompanhada de uma an\u00e1lise da efetividade em opera\u00e7\u00f5es preventivas e ostensivas, aumentando a confian\u00e7a dos cidad\u00e3os na Guarda Municipal.<\/p>\n<h2>Capacita\u00e7\u00e3o de Agentes de Seguran\u00e7a<\/h2>\n<p>A continuidade da capacita\u00e7\u00e3o dos agentes \u00e9 um pilar fundamental para a efic\u00e1cia da Guarda Municipal. Ao longo de 2025, foram realizados diversos cursos de especializa\u00e7\u00e3o t\u00e1tica, com foco em habilidades essenciais, como negocia\u00e7\u00f5es em situa\u00e7\u00f5es de crise e abordagem de indiv\u00edduos suspeitos. Esses treinamentos visam garantir que todos os membros da corpora\u00e7\u00e3o operem com o m\u00e1ximo de compet\u00eancia e seguran\u00e7a, sempre priorizando a prote\u00e7\u00e3o da popula\u00e7\u00e3o.<\/p>\n<p>O investimento em capacita\u00e7\u00e3o reflete uma abordagem proativa para lidar com diferentes cen\u00e1rios que podem surgir no cotidiano da seguran\u00e7a p\u00fablica. Isso permite que a Guarda Municipal n\u00e3o s\u00f3 atue de forma reativa, mas tamb\u00e9m desenvolva t\u00e1ticas que previnam a criminalidade e promovam um ambiente mais seguro para os cidad\u00e3os.<\/p>\n<h2>Estrat\u00e9gias de A\u00e7\u00e3o em 2025<\/h2>\n<p>Em 2025, a Guarda Municipal de Manaus implementou estrat\u00e9gias de seguran\u00e7a que se concentram em \u00e1reas cr\u00edticas da cidade. A cria\u00e7\u00e3o de tr\u00eas n\u00facleos operacionais nas zonas Oeste, Sul e Leste \u00e9 uma dessas iniciativas, permitindo uma resposta mais r\u00e1pida a incidentes e aumentando a visibilidade das opera\u00e7\u00f5es da guarda.<\/p>\n<p>Esses n\u00facleos s\u00e3o estrat\u00e9gicos na vigil\u00e2ncia de locais com maior fluxo de pessoas, como o complexo tur\u00edstico Ponta Negra e outras \u00e1reas de grande circula\u00e7\u00e3o, contribuindo para a preven\u00e7\u00e3o de crimes e oferecendo um sense de seguran\u00e7a maior aos cidad\u00e3os. Cada n\u00facleo \u00e9 equipado para garantir que os agentes possam atuar de forma eficiente, utilizando a tecnologia e os recursos \u00e0 disposi\u00e7\u00e3o.<\/p>\n<h2>Unidades Operacionais na Cidade<\/h2>\n<p>As novas unidades operacionais estabelecidas em locais estrat\u00e9gicos foram criadas para melhorar a resposta da Guarda Municipal a situa\u00e7\u00f5es de emerg\u00eancia. Localizadas em pontos estrat\u00e9gicos, essas unidades garantem uma cobertura mais abrangente e eficaz, permitindo que os agentes respondam prontamente a incidentes de seguran\u00e7a.<\/p>\n<p>Com essa estrutura, a guarda n\u00e3o apenas aumenta sua presen\u00e7a nas comunidades, mas tamb\u00e9m fortalece a parceria com outros \u00f3rg\u00e3os de seguran\u00e7a p\u00fablica, criando um sistema integrado de atendimento e fiscaliza\u00e7\u00e3o nas ruas de Manaus.<\/p>\n<h2>Investimentos em Seguran\u00e7a P\u00fablica<\/h2>\n<p>Os investimentos realizados pela Prefeitura de Manaus na moderniza\u00e7\u00e3o e estrutura\u00e7\u00e3o da Guarda Municipal refletem um compromisso com a seguran\u00e7a de todos os cidad\u00e3os. O fortalecimento do efetivo e a ado\u00e7\u00e3o de equipamentos de ponta s\u00e3o passos fundamentais para melhorar a efic\u00e1cia do servi\u00e7o p\u00fablico de seguran\u00e7a.<\/p>\n<p>Essas a\u00e7\u00f5es n\u00e3o apenas melhoram a capacidade operacional da guarda, mas tamb\u00e9m demonstram uma preocupa\u00e7\u00e3o cont\u00ednua com a seguran\u00e7a p\u00fablica, respondendo \u00e0s necessidades da popula\u00e7\u00e3o e elevando os padr\u00f5es de seguran\u00e7a na cidade.<\/p>\n<h2>Aumento da Presen\u00e7a nas Comunidades<\/h2>\n<p>A presen\u00e7a da Guarda Municipal em comunidades \u00e9 um aspecto central nas novas estrat\u00e9gias de seguran\u00e7a. A amplia\u00e7\u00e3o das atividades de patrulhamento e a intera\u00e7\u00e3o constante com os cidad\u00e3os s\u00e3o fundamentais para construir uma rela\u00e7\u00e3o de confian\u00e7a, essencial para a promo\u00e7\u00e3o da seguran\u00e7a e preven\u00e7\u00e3o de crimes.<\/p>\n<p>O envolvimento da guarda com os moradores e comerciantes locais, por meio de patrulhas comunit\u00e1rias e eventos de sensibiliza\u00e7\u00e3o, \u00e9 uma abordagem que visa integrar a seguran\u00e7a \u00e0s necessidades das comunidades, promovendo um ambiente de colabora\u00e7\u00e3o e respeito m\u00fatuo.<\/p>\n<h2>Import\u00e2ncia da Moderniza\u00e7\u00e3o<\/h2>\n<p>A moderniza\u00e7\u00e3o da Guarda Municipal vai al\u00e9m da aquisi\u00e7\u00e3o de novos equipamentos. Trata-se de uma transforma\u00e7\u00e3o cultural que visa reestruturar pr\u00e1ticas, procedimentos e a pr\u00f3pria mentalidade da corpora\u00e7\u00e3o. Essa mudan\u00e7a \u00e9 crucial para se manter \u00e0 frente das tend\u00eancias de criminalidade e desafios sociais contempor\u00e2neos.<\/p>\n<p>Implementar uma guarda moderna e bem equipada significa n\u00e3o apenas aumentar os n\u00fameros de efetivos e equipamentos, mas tamb\u00e9m promover uma s\u00f3lida filosofia de atua\u00e7\u00e3o baseada na transpar\u00eancia, accountability e efici\u00eancia, estabelecendo um novo padr\u00e3o de seguran\u00e7a p\u00fablica no munic\u00edpio.<\/p>\n<h2>Futuras Oportunidades de Emprego<\/h2>\n<p>Dentro deste contexto de expans\u00e3o e moderniza\u00e7\u00e3o, a Prefeitura de Manaus anuncia um novo concurso p\u00fablico com 590 vagas para a Guarda Municipal, previsto para ocorrer em mar\u00e7o de 2026. Essa iniciativa busca atrair novos talentos e diversificar a composi\u00e7\u00e3o da corpora\u00e7\u00e3o, garantindo que a guarda seja representativa e alinhada com as diversas demandas da popula\u00e7\u00e3o.<\/p>\n<p>A abertura de novas oportunidades de emprego n\u00e3o apenas fortalece a seguran\u00e7a p\u00fablica, mas tamb\u00e9m incentiva a popula\u00e7\u00e3o a se engajar no servi\u00e7o p\u00fablico, promovendo o desenvolvimento profissional e a inclus\u00e3o social.<\/p>\n<h2>Desafios e Perspectivas para a Guarda Municipal<\/h2>\n<p>Apesar dos avan\u00e7os significativos, a Guarda Municipal de Manaus ainda enfrenta desafios que precisam ser superados. A adapta\u00e7\u00e3o a novas tecnologias, a forma\u00e7\u00e3o cont\u00ednua e a investiga\u00e7\u00e3o de pr\u00e1ticas que melhorem a efici\u00eancia e efic\u00e1cia das opera\u00e7\u00f5es s\u00e3o aspectos que devem ser constantemente revisitados.<\/p>\n<p>Com a vis\u00e3o de uma guarda moderna e proativa, os fatores de seguran\u00e7a p\u00fablica est\u00e3o sempre em evolu\u00e7\u00e3o, exigindo uma atualiza\u00e7\u00e3o frequente de conhecimentos e procedimentos. A capacidade de se adaptar a um cen\u00e1rio de criminalidade em constante mudan\u00e7a, aliada ao fortalecimento da rela\u00e7\u00e3o com a comunidade, \u00e9 essencial para garantir a seguran\u00e7a e prote\u00e7\u00e3o da popula\u00e7\u00e3o de Manaus.<\/p>\n\n<div style=\"font-size: 0px; height: 0px; line-height: 0px; margin: 0; padding: 0; clear: both;\"><\/div>","protected":false},"excerpt":{"rendered":"<p>Guarda Municipal de Manaus amplia efetivo e moderniza opera\u00e7\u00f5es em 2025.<\/p>\n","protected":false},"author":1,"featured_media":5088,"comment_status":"closed","ping_status":"closed","sticky":false,"template":"","format":"standard","meta":{"footnotes":""},"categories":[1],"tags":[],"class_list":["post-5089","post","type-post","status-publish","format-standard","has-post-thumbnail","hentry","category-noticias-em-manaus","has_thumb"],"aioseo_notices":[],"_links":{"self":[{"href":"https:\/\/www.encontramanausam.com.br\/sobre\/wp-json\/wp\/v2\/posts\/5089","targetHints":{"allow":["GET"]}}],"collection":[{"href":"https:\/\/www.encontramanausam.com.br\/sobre\/wp-json\/wp\/v2\/posts"}],"about":[{"href":"https:\/\/www.encontramanausam.com.br\/sobre\/wp-json\/wp\/v2\/types\/post"}],"author":[{"embeddable":true,"href":"https:\/\/www.encontramanausam.com.br\/sobre\/wp-json\/wp\/v2\/users\/1"}],"replies":[{"embeddable":true,"href":"https:\/\/www.encontramanausam.com.br\/sobre\/wp-json\/wp\/v2\/comments?post=5089"}],"version-history":[{"count":0,"href":"https:\/\/www.encontramanausam.com.br\/sobre\/wp-json\/wp\/v2\/posts\/5089\/revisions"}],"wp:featuredmedia":[{"embeddable":true,"href":"https:\/\/www.encontramanausam.com.br\/sobre\/wp-json\/wp\/v2\/media\/5088"}],"wp:attachment":[{"href":"https:\/\/www.encontramanausam.com.br\/sobre\/wp-json\/wp\/v2\/media?parent=5089"}],"wp:term":[{"taxonomy":"category","embeddable":true,"href":"https:\/\/www.encontramanausam.com.br\/sobre\/wp-json\/wp\/v2\/categories?post=5089"},{"taxonomy":"post_tag","embeddable":true,"href":"https:\/\/www.encontramanausam.com.br\/sobre\/wp-json\/wp\/v2\/tags?post=5089"}],"curies":[{"name":"wp","href":"https:\/\/api.w.org\/{rel}","templated":true}]}}