{"id":4675,"date":"2025-11-11T12:29:00","date_gmt":"2025-11-11T15:29:00","guid":{"rendered":"https:\/\/www.encontramanausam.com.br\/sobre\/gestoras-e-profissionais-de-saude-bucal-da-prefeitura-de-manaus-participam-de-seminario-em-maues\/"},"modified":"2025-11-11T12:29:00","modified_gmt":"2025-11-11T15:29:00","slug":"gestoras-e-profissionais-de-saude-bucal-da-prefeitura-de-manaus-participam-de-seminario-em-maues","status":"publish","type":"post","link":"https:\/\/www.encontramanausam.com.br\/sobre\/gestoras-e-profissionais-de-saude-bucal-da-prefeitura-de-manaus-participam-de-seminario-em-maues\/","title":{"rendered":"Gestoras e profissionais de sa\u00fade bucal da Prefeitura de Manaus participam de semin\u00e1rio em Mau\u00e9s"},"content":{"rendered":"<div class=\"882fdd0d88065009358e99f1a9406c55\" data-index=\"1\" style=\"float: none; margin:0px;\">\n<script async src=\"https:\/\/pagead2.googlesyndication.com\/pagead\/js\/adsbygoogle.js?client=ca-pub-8585364105181520\"\r\n     crossorigin=\"anonymous\"><\/script>\r\n<!-- Anuncio display - global -->\r\n<ins class=\"adsbygoogle\"\r\n     style=\"display:block\"\r\n     data-ad-client=\"ca-pub-8585364105181520\"\r\n     data-ad-slot=\"8789329856\"\r\n     data-ad-format=\"auto\"\r\n     data-full-width-responsive=\"true\"><\/ins>\r\n<script>\r\n     (adsbygoogle = window.adsbygoogle || []).push({});\r\n<\/script>\n<\/div>\n<h2>O que \u00e9 o Semin\u00e1rio de Sa\u00fade Bucal em Mau\u00e9s?<\/h2>\n<p>O <strong>Semin\u00e1rio de Sa\u00fade Bucal em Mau\u00e9s<\/strong> \u00e9 um evento promovido pela Prefeitura de Manaus, atrav\u00e9s da Secretaria Municipal de Sa\u00fade (Semsa), que busca capacitar e atualizar profissionais da \u00e1rea de odontologia. Realizado no munic\u00edpio de Mau\u00e9s, a 276 quil\u00f4metros da capital, o semin\u00e1rio re\u00fane gestoras e profissionais de sa\u00fade bucal com o intuito de trocar experi\u00eancias, discutir novas pr\u00e1ticas e fortalecer a aten\u00e7\u00e3o \u00e0 sa\u00fade bucal no interior do Amazonas. Esta iniciativa \u00e9 parte de um esfor\u00e7o cont\u00ednuo para melhorar os \u00edndices de sa\u00fade na regi\u00e3o, especialmente em \u00e1reas onde o acesso a servi\u00e7os de sa\u00fade \u00e9 limitado.<\/p>\n<h2>Objetivos do projeto e sua import\u00e2ncia<\/h2>\n<p>O principal objetivo do semin\u00e1rio \u00e9 proporcionar um espa\u00e7o de aprendizado e troca de conhecimentos entre profissionais de sa\u00fade bucal. Esta troca \u00e9 essencial para:<\/p>\n<ul>\n<li><strong>Capacitar profissionais:<\/strong> Profissionais de sa\u00fade bucal, como dentistas e t\u00e9cnicos, s\u00e3o convidados a compartilhar suas experi\u00eancias e projetos bem-sucedidos. Essa capacita\u00e7\u00e3o resulta em um atendimento mais qualificado \u00e0 popula\u00e7\u00e3o.<\/li>\n<li><strong>Fortalecer a assist\u00eancia em sa\u00fade bucal:<\/strong> O fortalecimento das equipes de sa\u00fade bucal \u00e9 vital para garantir que o servi\u00e7o prestado \u00e0 comunidade seja eficiente e possa resolver problemas de sa\u00fade imediatos.<\/li>\n<li><strong>Incorporar novas pr\u00e1ticas:<\/strong> Ao compartilhar informa\u00e7\u00f5es sobre pr\u00e1ticas inovadoras, o semin\u00e1rio abre espa\u00e7o para implementa\u00e7\u00f5es que podem melhorar a efic\u00e1cia do tratamento odontol\u00f3gico.<\/li>\n<li><strong>Aumentar os indicadores de sa\u00fade bucal:<\/strong> Com estrat\u00e9gias adequadas, o semin\u00e1rio atua na eleva\u00e7\u00e3o de indicadores de sa\u00fade bucal, que s\u00e3o utilizados pelo Minist\u00e9rio da Sa\u00fade para medir a qualidade da assist\u00eancia odontol\u00f3gica.<\/li>\n<\/ul>\n<p>Esses objetivos refletem n\u00e3o apenas um comprometimento com a sa\u00fade local, mas tamb\u00e9m uma import\u00e2ncia abrangente para a sa\u00fade p\u00fablica no estado do Amazonas, considerando as particularidades e desafios regionais.<\/p>\n<p><img decoding=\"async\" src=\"https:\/\/www.encontramanausam.com.br\/sobre\/wp-content\/uploads\/2025\/11\/gestoras-e-profissionais-de-saude-bucal-da-prefeitura-de-manaus-participam-de-seminario-em-maues.webp\" alt=\"Semin\u00e1rio de Sa\u00fade Bucal\" loading=\"lazy\" \/><\/p>\n<h2>Palestrantes convidadas e suas contribui\u00e7\u00f5es<\/h2>\n<p>Entre as palestrantes do semin\u00e1rio destacam-se quatro cirurgi\u00e3s-dentistas cujas contribui\u00e7\u00f5es s\u00e3o fundamentais para o sucesso do evento:<\/p>\n<ul>\n<li><strong>Cl\u00e1udia Carvalho:<\/strong> Gestora da Ger\u00eancia de Sa\u00fade Bucal (Gesab) da Semsa, Cl\u00e1udia abordar\u00e1 o tema &#8220;Gest\u00e3o e estrat\u00e9gia na Aten\u00e7\u00e3o Prim\u00e1ria \u00e0 Sa\u00fade&#8221;. Sua experi\u00eancia na gest\u00e3o de sa\u00fade bucal \u00e9 vital para demonstrar como pr\u00e1ticas de administra\u00e7\u00e3o podem elevar o n\u00edvel de atendimento.<\/li>\n<li><strong>K\u00e1tia Felizardo:<\/strong> T\u00e9cnica da Gesab, K\u00e1tia focar\u00e1 no &#8220;tratamento restaurador atraum\u00e1tico (ART)&#8221;, um novo indicador que se almeja incluir nas pr\u00e1ticas de sa\u00fade bucal em todo o Brasil. Seu conhecimento t\u00e9cnico \u00e9 imprescind\u00edvel para a forma\u00e7\u00e3o de equipes capacitadas a lidar com as especificidades dos tratamentos modernos.<\/li>\n<li><strong>Catarina Teixeira Silva:<\/strong> Diretora do Centro de Especialidades Odontol\u00f3gicas (CEO) Leste, Catarina trar\u00e1 uma discuss\u00e3o sobre &#8220;Urg\u00eancia e Emerg\u00eancia Odontol\u00f3gica na Aten\u00e7\u00e3o B\u00e1sica&#8221;, essencial para preparar os profissionais para situa\u00e7\u00f5es que exigem interven\u00e7\u00f5es r\u00e1pidas e eficazes.<\/li>\n<li><strong>Luana Santos:<\/strong> Atuando tamb\u00e9m no CEO Leste, Luana apresentar\u00e1 sobre &#8220;Endodontia, acesso pulpar e medica\u00e7\u00e3o&#8221;, cobrindo um tema t\u00e9cnico importante para o dia a dia da pr\u00e1tica odontol\u00f3gica.<\/li>\n<\/ul>\n<p>Essas palestrantes, al\u00e9m de serem figuras reconhecidas na \u00e1rea, trazem uma bagagem de experi\u00eancias pr\u00e1ticas que enriquecem o semin\u00e1rio, contribuindo para a forma\u00e7\u00e3o t\u00e9cnica e te\u00f3rica dos participantes.<\/p>\n<h2>Estrat\u00e9gias na Aten\u00e7\u00e3o Prim\u00e1ria \u00e0 Sa\u00fade<\/h2>\n<p>Durante o semin\u00e1rio, um dos aspectos centrais discutidos ser\u00e1 a aten\u00e7\u00e3o prim\u00e1ria \u00e0 sa\u00fade e as estrat\u00e9gias que t\u00eam se mostrado eficazes na melhoria do atendimento odontol\u00f3gico. A aten\u00e7\u00e3o prim\u00e1ria \u00e9 essencial para garantir que as popula\u00e7\u00f5es tenham acesso a cuidados preventivos e tratamentos. As estrat\u00e9gias propostas pela Semsa se concentram em:<\/p>\n<ul>\n<li><strong>Educa\u00e7\u00e3o em sa\u00fade bucal:<\/strong> \u00c9 fundamental que a popula\u00e7\u00e3o esteja informada sobre cuidados e preven\u00e7\u00e3o. Isso deve incluir campanhas educativas sobre escova\u00e7\u00e3o adequada e frequ\u00eancia de consultas ao dentista.<\/li>\n<li><strong>Implementa\u00e7\u00e3o de novas tecnologias:<\/strong> O uso de tecnologias e pr\u00e1ticas recentes pode levar \u00e0 efici\u00eancia no tratamento e oferecer um diagn\u00f3stico mais preciso. A teleodontologia, por exemplo, \u00e9 uma \u00e1rea que est\u00e1 ganhando espa\u00e7o e pode ser explorada em locais de dif\u00edcil acesso.<\/li>\n<li><strong>Integra\u00e7\u00e3o com outras \u00e1reas da sa\u00fade:<\/strong> Trabalhar em conjunto com m\u00e9dicos e outros profissionais de sa\u00fade para um tratamento integral do paciente tema a ser enfatizado. Essa abordagem multidisciplinar pode melhorar significativamente os resultados de sa\u00fade.<\/li>\n<li><strong>Avalia\u00e7\u00e3o e monitoramento:<\/strong> Estabelecer mecanismos de avalia\u00e7\u00e3o cont\u00ednua das pr\u00e1ticas de sa\u00fade bucal permite a identifica\u00e7\u00e3o de falhas e a corre\u00e7\u00e3o de pr\u00e1ticas que n\u00e3o demonstrem efic\u00e1cia.<\/li>\n<\/ul>\n<p>Essas estrat\u00e9gias visam transformar a sa\u00fade bucal de forma que n\u00e3o apenas trate doen\u00e7as, mas tamb\u00e9m previna o seu surgimento, abordando a sa\u00fade da popula\u00e7\u00e3o como um todo.<\/p>\n<h2>Iniciativas bem-sucedidas de Manaus<\/h2>\n<p>Manaus tem implementado diversas iniciativas bem-sucedidas em sa\u00fade bucal que ser\u00e3o discutidas durante o semin\u00e1rio. Essas iniciativas t\u00eam se mostrado modelos a serem seguidos por outros munic\u00edpios:<\/p>\n<ul>\n<li><strong>Programas de preven\u00e7\u00e3o:<\/strong> A Semsa desenvolveu programas de preven\u00e7\u00e3o, como a aplica\u00e7\u00e3o de fl\u00faor em escolas, que visa reduzir a incid\u00eancia de c\u00e1ries em crian\u00e7as. Esses programas s\u00e3o um exemplo de investimento em sa\u00fade a longo prazo.<\/li>\n<li><strong>Marco na forma\u00e7\u00e3o de equipe:<\/strong> A forma\u00e7\u00e3o cont\u00ednua das equipes de sa\u00fade bucal em Manaus resultou em um aumento significativo dos tratamentos conclu\u00eddos, passando de 28% em 2022 para mais de 70% em 2024. Essa progress\u00e3o demonstra que a educa\u00e7\u00e3o e o treinamento adequados t\u00eam um impacto direto nos servi\u00e7os prestados.<\/li>\n<li><strong>Parcerias estrat\u00e9gicas:<\/strong> A colabora\u00e7\u00e3o entre a Semsa e institui\u00e7\u00f5es de ensino para a forma\u00e7\u00e3o de novos profissionais e o desenvolvimento de pesquisas contribui para o aprimoramento da pr\u00e1tica odontol\u00f3gica.<\/li>\n<\/ul>\n<p>Essas iniciativas mostram que investimentos em educa\u00e7\u00e3o e forma\u00e7\u00e3o dos profissionais de sa\u00fade bucal, aliados a uma gest\u00e3o eficaz, podem resultar em melhorias significativas nos indicadores de sa\u00fade.<\/p>\n<h2>Troca de experi\u00eancias e aprendizagens<\/h2>\n<p>O Semin\u00e1rio de Sa\u00fade Bucal em Mau\u00e9s promove a troca de experi\u00eancias entre as cidades que fazem parte do sistema de sa\u00fade do Amazonas. Essa troca \u00e9 crucial porque permite que diferentes localidades apresentem suas realidades e as solu\u00e7\u00f5es que encontraram para problemas comuns:<\/p>\n<ul>\n<li><strong>Aprendizado m\u00fatuo:<\/strong> Profissionais de diferentes regi\u00f5es podem compartilhar casos de sucesso e estrat\u00e9gias que funcionaram bem em suas comunidades, criando um ambiente de aprendizado colaborativo.<\/li>\n<li><strong>Adapta\u00e7\u00e3o de pr\u00e1ticas:<\/strong> Muitas vezes, solu\u00e7\u00f5es que funcionaram em um contexto podem ser adaptadas a outro com sucesso. O semin\u00e1rio proporciona um espa\u00e7o para discutir como essas adapta\u00e7\u00f5es podem ser feitas.<\/li>\n<li><strong>Fortalecimento das redes de apoio:<\/strong> A intera\u00e7\u00e3o entre as equipes de diferentes munic\u00edpios ajuda a criar uma rede de apoio, onde profissionais podem buscar ajuda e conselhos de seus pares quando necess\u00e1rio.<\/li>\n<\/ul>\n<p>Dessa forma, o semin\u00e1rio n\u00e3o apenas capacita os profissionais, mas tamb\u00e9m os une, aumentando a efici\u00eancia do servi\u00e7o de sa\u00fade em todo o estado.<\/p>\n<h2>Como o semin\u00e1rio melhora a sa\u00fade bucal<\/h2>\n<p>O impacto do semin\u00e1rio na sa\u00fade bucal da regi\u00e3o \u00e9 significante e multifacetado:<\/p>\n<ul>\n<li><strong>Aprimoramento do servi\u00e7os:<strong> O aprimoramento das pr\u00e1ticas de sa\u00fade bucal se traduz em um atendimento mais eficiente e centrado no paciente, promovendo uma maior resolutividade nos casos atendidos.<\/li>\n<li><strong>Melhoria nos indicadores de sa\u00fade:<\/strong> A capacita\u00e7\u00e3o da equipe e a implementa\u00e7\u00e3o de novas estrat\u00e9gias t\u00eam demonstrado um impacto positivo na melhoria dos indicadores de sa\u00fade bucal, como o aumento do n\u00famero de tratamentos realizados e a queda na incid\u00eancia de c\u00e1ries.<\/li>\n<li><strong>Empoderamento das comunidades:<\/strong> Comunidades bem informadas sobre sa\u00fade bucal tendem a buscar mais os servi\u00e7os de odontologia, melhorando o resultado de sa\u00fade da popula\u00e7\u00e3o local.<\/li>\n<\/ul>\n<p>Esses fatores contribuem para uma popula\u00e7\u00e3o mais saud\u00e1vel e para uma melhor qualidade de vida a longo prazo.<\/p>\n<h2>A import\u00e2ncia da atualiza\u00e7\u00e3o profissional<\/h2>\n<p>As r\u00e1pidas mudan\u00e7as na \u00e1rea da sa\u00fade bucal tornam a atualiza\u00e7\u00e3o profissional uma necessidade constante. O semin\u00e1rio proporciona um espa\u00e7o onde os profissionais podem:<\/p>\n<ul>\n<li><strong>Conhecer novas pr\u00e1ticas:<\/strong> A odontologia est\u00e1 sempre evoluindo com novas t\u00e9cnicas e ferramentas, e eventos como o semin\u00e1rio permitem o acesso a essas inova\u00e7\u00f5es diretamente de especialistas na \u00e1rea.<\/li>\n<li><strong>Resgatar a motiva\u00e7\u00e3o:<\/strong> Participar de eventos dessa natureza pode revigorar a paix\u00e3o dos profissionais pela sua profiss\u00e3o, refor\u00e7ando a import\u00e2ncia do seu papel na comunidade.<\/li>\n<li><strong>Networking:<\/strong> O semin\u00e1rio \u00e9 uma excelente oportunidade para fazer contatos com outros profissionais e construir uma rede de apoio que pode ser valiosa ao longo da carreira.<\/li>\n<\/ul>\n<p>A participa\u00e7\u00e3o em semin\u00e1rios e workshops n\u00e3o \u00e9 apenas ben\u00e9fica, mas essencial para qualquer profissional que deseje se manter relevante e capaz de oferecer o melhor atendimento poss\u00edvel.<\/p>\n<h2>Participa\u00e7\u00e3o das equipes locais no evento<\/h2>\n<p>A presen\u00e7a das equipes locais de sa\u00fade bucal no semin\u00e1rio \u00e9 essencial para o fortalecimento das pr\u00e1ticas de sa\u00fade na regi\u00e3o. Essa participa\u00e7\u00e3o traz diversos benef\u00edcios:<\/p>\n<ul>\n<li><strong>Fortalecimento do v\u00ednculo entre os profissionais:<\/strong> As equipes que participam ativamente constroem la\u00e7os mais fortes, resultando em um trabalho mais colaborativo e coeso.<\/li>\n<li><strong>Identifica\u00e7\u00e3o de necessidades locais:<\/strong> A troca de experi\u00eancias ajuda a identificar as necessidades espec\u00edficas de cada regi\u00e3o, permitindo que as equipes adaptem seus servi\u00e7os \u00e0s demandas da popula\u00e7\u00e3o.<\/li>\n<li><strong>Implanta\u00e7\u00e3o de novas pr\u00e1ticas:<\/strong> Os conhecimentos adquiridos podem ser trabalhados nas comunidades onde as equipes atuam, resultando em melhorias diretas para a popula\u00e7\u00e3o.<\/li>\n<\/ul>\n<p>Assim, o semin\u00e1rio torna-se um catalisador para mudan\u00e7as positivas que impactam a sa\u00fade bucal em toda a regi\u00e3o.<\/p>\n<h2>Resultados esperados e futuro da sa\u00fade bucal<\/h2>\n<p>As expectativas em rela\u00e7\u00e3o aos resultados do Semin\u00e1rio de Sa\u00fade Bucal em Mau\u00e9s s\u00e3o promissoras. Com a implementa\u00e7\u00e3o das pr\u00e1ticas discutidas e compartilhadas durante o evento, espera-se:<\/p>\n<ul>\n<li><strong>Aumento no acesso aos servi\u00e7os de sa\u00fade bucal:<\/strong> A melhoria na atua\u00e7\u00e3o das equipes locais deve possibilitar um maior acesso da popula\u00e7\u00e3o aos servi\u00e7os odontol\u00f3gicos.<\/li>\n<li><strong>Eleva\u00e7\u00e3o dos \u00edndices de sa\u00fade bucal:<\/strong> Projetos e pr\u00e1ticas apresentadas podem resultar em melhorias significativas nos indicadores de sa\u00fade bucal, beneficiando a sa\u00fade da popula\u00e7\u00e3o.<\/li>\n<li><strong>Consolida\u00e7\u00e3o de uma rede de apoio entre profissionais:<\/strong> Com o fortalecimento dos la\u00e7os entre equipes, os profissionais ter\u00e3o mais suporte no tratamento e preven\u00e7\u00e3o de doen\u00e7as bucais.<\/li>\n<\/ul>\n<p>O futuro da sa\u00fade bucal no Amazonas depende direta e indiretamente de iniciativas como o semin\u00e1rio, que promovem a efici\u00eancia e efic\u00e1cia no atendimento, refletindo um cuidado mais humanizado e pela coleta de dados que possibilita a cria\u00e7\u00e3o de estrat\u00e9gias direcionadas ao real contexto de cada regi\u00e3o.<\/p>\n\n<div style=\"font-size: 0px; height: 0px; line-height: 0px; margin: 0; padding: 0; clear: both;\"><\/div>","protected":false},"excerpt":{"rendered":"<p>Semin\u00e1rio de Odontologia em Sa\u00fade P\u00fablica traz inova\u00e7\u00f5es para a sa\u00fade bucal em Mau\u00e9s.<\/p>\n","protected":false},"author":1,"featured_media":4674,"comment_status":"closed","ping_status":"closed","sticky":false,"template":"","format":"standard","meta":{"footnotes":""},"categories":[1],"tags":[],"class_list":["post-4675","post","type-post","status-publish","format-standard","has-post-thumbnail","hentry","category-noticias-em-manaus","has_thumb"],"aioseo_notices":[],"_links":{"self":[{"href":"https:\/\/www.encontramanausam.com.br\/sobre\/wp-json\/wp\/v2\/posts\/4675","targetHints":{"allow":["GET"]}}],"collection":[{"href":"https:\/\/www.encontramanausam.com.br\/sobre\/wp-json\/wp\/v2\/posts"}],"about":[{"href":"https:\/\/www.encontramanausam.com.br\/sobre\/wp-json\/wp\/v2\/types\/post"}],"author":[{"embeddable":true,"href":"https:\/\/www.encontramanausam.com.br\/sobre\/wp-json\/wp\/v2\/users\/1"}],"replies":[{"embeddable":true,"href":"https:\/\/www.encontramanausam.com.br\/sobre\/wp-json\/wp\/v2\/comments?post=4675"}],"version-history":[{"count":0,"href":"https:\/\/www.encontramanausam.com.br\/sobre\/wp-json\/wp\/v2\/posts\/4675\/revisions"}],"wp:featuredmedia":[{"embeddable":true,"href":"https:\/\/www.encontramanausam.com.br\/sobre\/wp-json\/wp\/v2\/media\/4674"}],"wp:attachment":[{"href":"https:\/\/www.encontramanausam.com.br\/sobre\/wp-json\/wp\/v2\/media?parent=4675"}],"wp:term":[{"taxonomy":"category","embeddable":true,"href":"https:\/\/www.encontramanausam.com.br\/sobre\/wp-json\/wp\/v2\/categories?post=4675"},{"taxonomy":"post_tag","embeddable":true,"href":"https:\/\/www.encontramanausam.com.br\/sobre\/wp-json\/wp\/v2\/tags?post=4675"}],"curies":[{"name":"wp","href":"https:\/\/api.w.org\/{rel}","templated":true}]}}