{"id":2173,"date":"2018-08-20T17:03:50","date_gmt":"2018-08-20T20:03:50","guid":{"rendered":"http:\/\/www.encontramanausam.com.br\/sobre\/?page_id=2173"},"modified":"2019-04-17T15:14:48","modified_gmt":"2019-04-17T18:14:48","slug":"crq-manaus","status":"publish","type":"post","link":"https:\/\/www.encontramanausam.com.br\/sobre\/crq-manaus\/","title":{"rendered":"CRQ Manaus"},"content":{"rendered":"<div class=\"882fdd0d88065009358e99f1a9406c55\" data-index=\"1\" style=\"float: none; margin:0px;\">\n<script async src=\"https:\/\/pagead2.googlesyndication.com\/pagead\/js\/adsbygoogle.js?client=ca-pub-8585364105181520\"\r\n     crossorigin=\"anonymous\"><\/script>\r\n<!-- Anuncio display - global -->\r\n<ins class=\"adsbygoogle\"\r\n     style=\"display:block\"\r\n     data-ad-client=\"ca-pub-8585364105181520\"\r\n     data-ad-slot=\"8789329856\"\r\n     data-ad-format=\"auto\"\r\n     data-full-width-responsive=\"true\"><\/ins>\r\n<script>\r\n     (adsbygoogle = window.adsbygoogle || []).push({});\r\n<\/script>\n<\/div>\n<p>Os Conselho Regional de Qu\u00edmica (<strong>CRQ Manaus<\/strong>) s\u00e3o entidades pertencentes \u00e0 esfera estadual e constituem a manifesta\u00e7\u00e3o regional do Conselho Federal de Qu\u00edmica (CFQ), sendo respons\u00e1veis pela fiscaliza\u00e7\u00e3o do exerc\u00edcio das profiss\u00f5es da \u00e1rea tecnol\u00f3gica em \u00e2mbito regional.<\/p>\n<p>O CRQ Manaus exerce o papel de primeira e segunda inst\u00e2ncia, verificando, orientando e fiscalizando o exerc\u00edcio profissional.<\/p>\n<p><img loading=\"lazy\" decoding=\"async\" class=\"aligncenter wp-image-2175 size-full\" title=\"CRQ Manaus\" src=\"http:\/\/www.encontramanausam.com.br\/sobre\/wp-content\/uploads\/2018\/08\/crq-manaus.jpg\" alt=\"CRQ Manaus\" width=\"680\" height=\"189\" srcset=\"https:\/\/www.encontramanausam.com.br\/sobre\/wp-content\/uploads\/2018\/08\/crq-manaus.jpg 680w, https:\/\/www.encontramanausam.com.br\/sobre\/wp-content\/uploads\/2018\/08\/crq-manaus-300x83.jpg 300w\" sizes=\"auto, (max-width: 680px) 100vw, 680px\" \/><\/p>\n<p>Com a miss\u00e3o de defender a sociedade da pr\u00e1tica ilegal das atividades abrangidas pelo sistema.<\/p>\n<p>CFQ\/CRQ, visando a ser reconhecido pelos profissionais do sistema e pela sociedade como institui\u00e7\u00e3o de excel\u00eancia por sua atua\u00e7\u00e3o \u00e1gil, \u00edntegra e eficiente, atrav\u00e9s de competente atendimento aos profissionais e \u00e0 sociedade, participa\u00e7\u00e3o e comprometimento com os resultados organizacionais e de capacita\u00e7\u00e3o t\u00e9cnica.<\/p>\n<h3>CRQ Manaus Trabalhe Conosco<\/h3>\n<p>Para aqueles que almejam<em> trabalhar<\/em> em uma empresa que preza por realizar servi\u00e7os da mais alta qualidade, e que zela por seus colaboradores e profissionalismo sempre, estes profissionais devem<em> trabalhar<\/em> na CRQ Manaus, acesse o site para enviar seu <span style=\"text-decoration: underline;\">curr\u00edculo<\/span>.<\/p>\n<h3>Hor\u00e1rio de Funcionamento CRQ Manaus<\/h3>\n<ul>\n<li>Segunda a sexta das 8h \u00e1s 17h<\/li>\n<\/ul>\n<h3>Onde Fica, Endere\u00e7o e Telefone CRQ Manaus<\/h3>\n<ul>\n<li>R. Saldanha Marinho, 633 &#8211; Centro &#8211; Manaus &#8211; AM<\/li>\n<li>Telefone: (92) 3233-8896<\/li>\n<\/ul>\n<h4>Outras informa\u00e7\u00f5es e site<\/h4>\n<ul>\n<li>Mais informa\u00e7\u00f5es: <a href=\"http:\/\/www.crq14.com\/\" target=\"_blank\" rel=\"noopener noreferrer\">www.crq14.com<\/a><\/li>\n<\/ul>\n<h4>Mapa de localiza\u00e7\u00e3o<\/h4>\n<a class=\"wp-colorbox-iframe\" href=\"https:\/\/www.google.com\/maps\/embed?pb=!1m14!1m8!1m3!1d15935.42385779288!2d-60.0227105!3d-3.1327383!3m2!1i1024!2i768!4f13.1!3m3!1m2!1s0x00xd1ec5f99fe68c8f3!2sConselho+Regional+de+Qumica+-+14+Regio!5e0!3m2!1spt-BR!2sbr!4v1534773052274\"><img decoding=\"async\" src=\"http:\/\/www.encontrabelohorizonte.com.br\/imgs\/maps-post.png\"><\/a>\n\n<div style=\"font-size: 0px; height: 0px; line-height: 0px; margin: 0; padding: 0; clear: both;\"><\/div>","protected":false},"excerpt":{"rendered":"<p>Os Conselho Regional de Qu\u00edmica (CRQ Manaus) s\u00e3o entidades pertencentes \u00e0 esfera estadual e constituem a manifesta\u00e7\u00e3o regional do Conselho Federal de Qu\u00edmica (CFQ), sendo respons\u00e1veis pela fiscaliza\u00e7\u00e3o do exerc\u00edcio das profiss\u00f5es da \u00e1rea tecnol\u00f3gica em \u00e2mbito regional. O CRQ Manaus exerce o papel de primeira e segunda inst\u00e2ncia, verificando, orientando e fiscalizando o exerc\u00edcio profissional. Com a miss\u00e3o de defender a sociedade da pr\u00e1tica ilegal das atividades abrangidas pelo sistema. CFQ\/CRQ, visando a ser reconhecido pelos profissionais do sistema e pela sociedade como institui\u00e7\u00e3o de excel\u00eancia por sua atua\u00e7\u00e3o \u00e1gil, \u00edntegra e eficiente, atrav\u00e9s de competente atendimento aos profissionais <\/p>\n","protected":false},"author":1,"featured_media":2175,"comment_status":"closed","ping_status":"closed","sticky":false,"template":"","format":"standard","meta":{"footnotes":""},"categories":[31],"tags":[],"class_list":["post-2173","post","type-post","status-publish","format-standard","has-post-thumbnail","hentry","category-servicos-publicos-manaus","has_thumb"],"aioseo_notices":[],"_links":{"self":[{"href":"https:\/\/www.encontramanausam.com.br\/sobre\/wp-json\/wp\/v2\/posts\/2173","targetHints":{"allow":["GET"]}}],"collection":[{"href":"https:\/\/www.encontramanausam.com.br\/sobre\/wp-json\/wp\/v2\/posts"}],"about":[{"href":"https:\/\/www.encontramanausam.com.br\/sobre\/wp-json\/wp\/v2\/types\/post"}],"author":[{"embeddable":true,"href":"https:\/\/www.encontramanausam.com.br\/sobre\/wp-json\/wp\/v2\/users\/1"}],"replies":[{"embeddable":true,"href":"https:\/\/www.encontramanausam.com.br\/sobre\/wp-json\/wp\/v2\/comments?post=2173"}],"version-history":[{"count":5,"href":"https:\/\/www.encontramanausam.com.br\/sobre\/wp-json\/wp\/v2\/posts\/2173\/revisions"}],"predecessor-version":[{"id":4261,"href":"https:\/\/www.encontramanausam.com.br\/sobre\/wp-json\/wp\/v2\/posts\/2173\/revisions\/4261"}],"wp:featuredmedia":[{"embeddable":true,"href":"https:\/\/www.encontramanausam.com.br\/sobre\/wp-json\/wp\/v2\/media\/2175"}],"wp:attachment":[{"href":"https:\/\/www.encontramanausam.com.br\/sobre\/wp-json\/wp\/v2\/media?parent=2173"}],"wp:term":[{"taxonomy":"category","embeddable":true,"href":"https:\/\/www.encontramanausam.com.br\/sobre\/wp-json\/wp\/v2\/categories?post=2173"},{"taxonomy":"post_tag","embeddable":true,"href":"https:\/\/www.encontramanausam.com.br\/sobre\/wp-json\/wp\/v2\/tags?post=2173"}],"curies":[{"name":"wp","href":"https:\/\/api.w.org\/{rel}","templated":true}]}}