{"id":1687,"date":"2018-03-22T15:46:29","date_gmt":"2018-03-22T18:46:29","guid":{"rendered":"http:\/\/www.encontramanausam.com.br\/sobre\/?p=1687"},"modified":"2019-04-15T11:23:47","modified_gmt":"2019-04-15T14:23:47","slug":"fucapi-manaus","status":"publish","type":"post","link":"https:\/\/www.encontramanausam.com.br\/sobre\/fucapi-manaus\/","title":{"rendered":"Fucapi Manaus"},"content":{"rendered":"<div class=\"882fdd0d88065009358e99f1a9406c55\" data-index=\"1\" style=\"float: none; margin:0px;\">\n<script async src=\"https:\/\/pagead2.googlesyndication.com\/pagead\/js\/adsbygoogle.js?client=ca-pub-8585364105181520\"\r\n     crossorigin=\"anonymous\"><\/script>\r\n<!-- Anuncio display - global -->\r\n<ins class=\"adsbygoogle\"\r\n     style=\"display:block\"\r\n     data-ad-client=\"ca-pub-8585364105181520\"\r\n     data-ad-slot=\"8789329856\"\r\n     data-ad-format=\"auto\"\r\n     data-full-width-responsive=\"true\"><\/ins>\r\n<script>\r\n     (adsbygoogle = window.adsbygoogle || []).push({});\r\n<\/script>\n<\/div>\n<p>Pioneira na condu\u00e7\u00e3o de novas formas de pensar o desenvolvimento da Amaz\u00f4nia, a Funda\u00e7\u00e3o Centro de An\u00e1lise, Pesquisa e Inova\u00e7\u00e3o Tecnol\u00f3gica foi institu\u00edda em 1982, a partir de iniciativa conjunta da Federa\u00e7\u00e3o das Ind\u00fastrias do Estado do Amazonas \u2013 FIEAM, Centro da Ind\u00fastria do Estado do Amazonas \u2013 CIEAM e Grupo Executivo Interministerial de Componentes e Materiais \u2013 GEICOM, ligado ao Governo Federal.<\/p>\n<p>A <strong>Fucapi Manaus<\/strong> desenvolve atividades nas dimens\u00f5es Educacional e Tecnol\u00f3gica.<\/p>\n<p><img loading=\"lazy\" decoding=\"async\" class=\"aligncenter wp-image-1688 size-full\" title=\"Fucapi Manaus\" src=\"http:\/\/www.encontramanausam.com.br\/sobre\/wp-content\/uploads\/2018\/03\/fucapi-manaus.jpg\" alt=\"Fucapi Manaus\" width=\"680\" height=\"189\" srcset=\"https:\/\/www.encontramanausam.com.br\/sobre\/wp-content\/uploads\/2018\/03\/fucapi-manaus.jpg 680w, https:\/\/www.encontramanausam.com.br\/sobre\/wp-content\/uploads\/2018\/03\/fucapi-manaus-300x83.jpg 300w\" sizes=\"auto, (max-width: 680px) 100vw, 680px\" \/><\/p>\n<p>A\u00a0Fucapi Manaus atua nas \u00e1reas de Tecnologias da Informa\u00e7\u00e3o e Comunica\u00e7\u00e3o, Tecnologias Ambientais, Tecnologia Industrial B\u00e1sica, Tecnologia de Produtos e Tecnologias de Gest\u00e3o. Dessa forma, a FUCAPI vem se consolidando a cada ano como institui\u00e7\u00e3o de apoio \u00e0 melhoria da competitividade das empresas e ao desenvolvimento sustent\u00e1vel da regi\u00e3o.<\/p>\n<h2>Fucapi Manaus Cursos<\/h2>\n<ul>\n<li>Administra\u00e7\u00e3o<\/li>\n<li>Ci\u00eancia da Computa\u00e7\u00e3o<\/li>\n<li>Design<\/li>\n<li>Engenharia Ambiental e Sanit\u00e1ria<\/li>\n<li>Engenharia Civil<\/li>\n<li>Engenharia de Bioprocessos<\/li>\n<li>Engenharia de Computa\u00e7\u00e3o<\/li>\n<li>Engenharia de Produ\u00e7\u00e3o<\/li>\n<li>Engenharia de Software<\/li>\n<li>Engenharia de Telecomunica\u00e7\u00f5es<\/li>\n<li>Engenharia El\u00e9trica<\/li>\n<li>Engenharia Mec\u00e2nica<\/li>\n<li>Sistemas de Informa\u00e7\u00e3o<\/li>\n<li>Tecnologia em Design de Produto<\/li>\n<li>Tecnologia em M\u00eddias Interativas<\/li>\n<\/ul>\n<h3>Fucapi Manaus Ensino M\u00e9dio<\/h3>\n<p>A educa\u00e7\u00e3o profissional oferecida pelo Centro Educacional FUCAPI, al\u00e9m de apresentar proposta curricular inovadora para a regi\u00e3o, aprofunda conhecimentos t\u00e9cnicos de <em>n\u00edvel m\u00e9dio<\/em>, acreditando no pressuposto de que a forma\u00e7\u00e3o no ensino m\u00e9dio \u00e9 indispens\u00e1vel \u00e0 educa\u00e7\u00e3o profissional para o desenvolvimento do pa\u00eds, pois a forma\u00e7\u00e3o b\u00e1sica comum \u00e9 indispens\u00e1vel no exerc\u00edcio da cidadania, oferecendo aos alunos meios para progredir nos estudos e, posteriormente, no trabalho.<\/p>\n<p>O Centro Educacional FUCAPI \u2013 Lynaldo Cavalcanti de Albuquerque \u00e9 um Centro de Excel\u00eancia na forma\u00e7\u00e3o e capacita\u00e7\u00e3o de recursos humanos, originalmente criados para formar t\u00e9cnicos de n\u00edvel m\u00e9dio nas \u00e1reas de interesse da regi\u00e3o para atender a demanda de profissionais qualificados para as empresas locais e regionais, bem como para formar empreendedores capazes de criar micro e pequenas empresas, utilizando novas tecnologias.<\/p>\n<h3>Fucapi Manaus T\u00e9cnico<\/h3>\n<ul>\n<li>Administra\u00e7\u00e3o<\/li>\n<li>Automa\u00e7\u00e3o Industrial<\/li>\n<li>Contabilidade<\/li>\n<li>Edifica\u00e7\u00f5es<\/li>\n<li>Eletr\u00f4nica<\/li>\n<li>Eletrot\u00e9cnica<\/li>\n<li>Inform\u00e1tica<\/li>\n<li>Log\u00edstica<\/li>\n<li>Mec\u00e2nica<\/li>\n<li>Qualidade<\/li>\n<li>Recursos Humanos<\/li>\n<li>Refrigera\u00e7\u00e3o e Climatiza\u00e7\u00e3o<\/li>\n<li>Seguran\u00e7a do Trabalho<\/li>\n<li>Telecomunica\u00e7\u00f5es<\/li>\n<\/ul>\n<h3>Fucapi Manaus P\u00f3s Gradua\u00e7\u00e3o<\/h3>\n<ul>\n<li>Especializa\u00e7\u00e3o em Desenvolvimento de Aplica\u00e7\u00f5es M\u00f3veis<\/li>\n<li>Especializa\u00e7\u00e3o em Engenharia de Software<\/li>\n<li>Especializa\u00e7\u00e3o em Engenharia da Qualidade<\/li>\n<li>Especializa\u00e7\u00e3o em Engenharia de Produ\u00e7\u00e3o Lean Manufacturing<\/li>\n<li>Especializa\u00e7\u00e3o em\u00a0 Engenharia de Produ\u00e7\u00e3o\u00a0 \u2013 Lean\u00a0 Seis Sigma<\/li>\n<li>Especializa\u00e7\u00e3o em\u00a0 Metrologia e Sistemas de Medi\u00e7\u00e3o<\/li>\n<li>Especializa\u00e7\u00e3o em Avalia\u00e7\u00e3o e Per\u00edcia em Engenharia<\/li>\n<li>Especializa\u00e7\u00e3o em\u00a0 Engenharia de Automa\u00e7\u00e3o Industrial<\/li>\n<li>Especializa\u00e7\u00e3o em\u00a0 SEP \u2013 Sistemas El\u00e9tricos de Pot\u00eancia<\/li>\n<li>Especializa\u00e7\u00e3o em Saneamento Ambiental<\/li>\n<li>Especializa\u00e7\u00e3o em C\u00e1lculo Estrutural<\/li>\n<li>Especializa\u00e7\u00e3o em Gest\u00e3o de Obras<\/li>\n<li>Especializa\u00e7\u00e3o em Planejamento Tribut\u00e1rio p \/ZFM e ALC (novo)<\/li>\n<li>MBA em Gerenciamento de Projetos<\/li>\n<li>MBA Executivo Gest\u00e3o Empresarial \u00canfase em Neg\u00f3cios<\/li>\n<li>MBA Gest\u00e3o Estrat\u00e9gica de Pessoas<\/li>\n<\/ul>\n<h3>Onde Fica,\u00a0Endere\u00e7o e Telefone Fucapi Manaus<\/h3>\n<ul>\n<li>Av. Gov. Danilo de Matos Areosa, 381 &#8211; Distrito Industrial &#8211; Manaus &#8211; AM<\/li>\n<li>Telefone: (92) 2127-3034<\/li>\n<\/ul>\n<h4>Outras informa\u00e7\u00f5es e site<\/h4>\n<ul>\n<li>Mais informa\u00e7\u00f5es:\u00a0<a href=\"http:\/\/www.fucapi.br\" target=\"_blank\" rel=\"noopener noreferrer\">www.fucapi.br<\/a><\/li>\n<\/ul>\n<h4>Mapa de localiza\u00e7\u00e3o<\/h4>\n<a class=\"wp-colorbox-iframe\" href=\"https:\/\/www.google.com\/maps\/embed?pb=!1m14!1m8!1m3!1d15935.366286493521!2d-59.9814425!3d-3.1365181!3m2!1i1024!2i768!4f13.1!3m3!1m2!1s0x00x77f4cefcd2f92c20!2sFUCAPI!5e0!3m2!1spt-BR!2sbr!4v1521722829965\"><img decoding=\"async\" src=\"http:\/\/www.encontrabelohorizonte.com.br\/imgs\/maps-post.png\"><\/a>\n\n<div style=\"font-size: 0px; height: 0px; line-height: 0px; margin: 0; padding: 0; clear: both;\"><\/div>","protected":false},"excerpt":{"rendered":"<p>Pioneira na condu\u00e7\u00e3o de novas formas de pensar o desenvolvimento da Amaz\u00f4nia, a Funda\u00e7\u00e3o Centro de An\u00e1lise, Pesquisa e Inova\u00e7\u00e3o Tecnol\u00f3gica foi institu\u00edda em 1982, a partir de iniciativa conjunta da Federa\u00e7\u00e3o das Ind\u00fastrias do Estado do Amazonas \u2013 FIEAM, Centro da Ind\u00fastria do Estado do Amazonas \u2013 CIEAM e Grupo Executivo Interministerial de Componentes e Materiais \u2013 GEICOM, ligado ao Governo Federal. A Fucapi Manaus desenvolve atividades nas dimens\u00f5es Educacional e Tecnol\u00f3gica. A\u00a0Fucapi Manaus atua nas \u00e1reas de Tecnologias da Informa\u00e7\u00e3o e Comunica\u00e7\u00e3o, Tecnologias Ambientais, Tecnologia Industrial B\u00e1sica, Tecnologia de Produtos e Tecnologias de Gest\u00e3o. Dessa forma, a FUCAPI <\/p>\n","protected":false},"author":1,"featured_media":1688,"comment_status":"open","ping_status":"closed","sticky":false,"template":"","format":"standard","meta":{"footnotes":""},"categories":[15],"tags":[],"class_list":["post-1687","post","type-post","status-publish","format-standard","has-post-thumbnail","hentry","category-educacao-em-manaus","has_thumb"],"aioseo_notices":[],"_links":{"self":[{"href":"https:\/\/www.encontramanausam.com.br\/sobre\/wp-json\/wp\/v2\/posts\/1687","targetHints":{"allow":["GET"]}}],"collection":[{"href":"https:\/\/www.encontramanausam.com.br\/sobre\/wp-json\/wp\/v2\/posts"}],"about":[{"href":"https:\/\/www.encontramanausam.com.br\/sobre\/wp-json\/wp\/v2\/types\/post"}],"author":[{"embeddable":true,"href":"https:\/\/www.encontramanausam.com.br\/sobre\/wp-json\/wp\/v2\/users\/1"}],"replies":[{"embeddable":true,"href":"https:\/\/www.encontramanausam.com.br\/sobre\/wp-json\/wp\/v2\/comments?post=1687"}],"version-history":[{"count":5,"href":"https:\/\/www.encontramanausam.com.br\/sobre\/wp-json\/wp\/v2\/posts\/1687\/revisions"}],"predecessor-version":[{"id":3996,"href":"https:\/\/www.encontramanausam.com.br\/sobre\/wp-json\/wp\/v2\/posts\/1687\/revisions\/3996"}],"wp:featuredmedia":[{"embeddable":true,"href":"https:\/\/www.encontramanausam.com.br\/sobre\/wp-json\/wp\/v2\/media\/1688"}],"wp:attachment":[{"href":"https:\/\/www.encontramanausam.com.br\/sobre\/wp-json\/wp\/v2\/media?parent=1687"}],"wp:term":[{"taxonomy":"category","embeddable":true,"href":"https:\/\/www.encontramanausam.com.br\/sobre\/wp-json\/wp\/v2\/categories?post=1687"},{"taxonomy":"post_tag","embeddable":true,"href":"https:\/\/www.encontramanausam.com.br\/sobre\/wp-json\/wp\/v2\/tags?post=1687"}],"curies":[{"name":"wp","href":"https:\/\/api.w.org\/{rel}","templated":true}]}}