{"id":1652,"date":"2018-03-06T16:05:13","date_gmt":"2018-03-06T19:05:13","guid":{"rendered":"http:\/\/www.encontramanausam.com.br\/sobre\/?p=1652"},"modified":"2019-04-15T11:23:48","modified_gmt":"2019-04-15T14:23:48","slug":"otica-diniz-manaus","status":"publish","type":"post","link":"https:\/\/www.encontramanausam.com.br\/sobre\/otica-diniz-manaus\/","title":{"rendered":"\u00d3tica Diniz Manaus"},"content":{"rendered":"<div class=\"882fdd0d88065009358e99f1a9406c55\" data-index=\"1\" style=\"float: none; margin:0px;\">\n<script async src=\"https:\/\/pagead2.googlesyndication.com\/pagead\/js\/adsbygoogle.js?client=ca-pub-8585364105181520\"\r\n     crossorigin=\"anonymous\"><\/script>\r\n<!-- Anuncio display - global -->\r\n<ins class=\"adsbygoogle\"\r\n     style=\"display:block\"\r\n     data-ad-client=\"ca-pub-8585364105181520\"\r\n     data-ad-slot=\"8789329856\"\r\n     data-ad-format=\"auto\"\r\n     data-full-width-responsive=\"true\"><\/ins>\r\n<script>\r\n     (adsbygoogle = window.adsbygoogle || []).push({});\r\n<\/script>\n<\/div>\n<p>Com atua\u00e7\u00e3o no mercado brasileiro desde 1992, as \u00d3ticas Diniz representam a maior rede de varejo \u00f3ptico nacional.<\/p>\n<p>A <strong>\u00d3tica Diniz Manaus<\/strong> inovara com seu atendimento diferenciado, oferece as melhores solu\u00e7\u00f5es para a sa\u00fade visual e tecnologia de ponta em \u00f3culos de grau, solares e arma\u00e7\u00f5es.<\/p>\n<p><img loading=\"lazy\" decoding=\"async\" class=\"aligncenter wp-image-1653 size-full\" title=\"\u00d3tica Diniz Manaus\" src=\"http:\/\/www.encontramanausam.com.br\/sobre\/wp-content\/uploads\/2018\/03\/otica-diniz-manaus.jpg\" alt=\"\u00d3tica Diniz Manaus\" width=\"680\" height=\"189\" srcset=\"https:\/\/www.encontramanausam.com.br\/sobre\/wp-content\/uploads\/2018\/03\/otica-diniz-manaus.jpg 680w, https:\/\/www.encontramanausam.com.br\/sobre\/wp-content\/uploads\/2018\/03\/otica-diniz-manaus-300x83.jpg 300w\" sizes=\"auto, (max-width: 680px) 100vw, 680px\" \/><\/p>\n<div class=\"colunm\">\n<p>O crescimento cont\u00ednuo dessa rede \u00e9 o melhor exemplo de estrutura de sucesso de uma marca genuinamente brasileira.<\/p>\n<p>A primeira loja das\u00a0\u00d3ticas Diniz\u00a0foi fundada em 26\/01\/1992, na Rua de Santaninha, no centro de S\u00e3o Lu\u00eds, no Maranh\u00e3o, a partir da realiza\u00e7\u00e3o do sonho de seu fundador,\u00a0Arione Diniz.<\/p>\n<p><i>&#8220;Lugar de gente feliz&#8221;<\/i>\u00a0e\u00a0<i>&#8220;Atendimento de cora\u00e7\u00e3o&#8221;<\/i>foram os slogans que por muito tempo simbolizaram o principal alicerce de rede &#8211; atender bem todos os nossos clientes e oferecer os melhores produtos e condi\u00e7\u00f5es de pagamento.<\/p>\n<\/div>\n<div class=\"colunm\">\n<p>A Iniciativa de\u00a0Arione\u00a0foi um sucesso e o primeiro passo para que fosse estabelecido um modelo de neg\u00f3cios totalmente focado no consumidor-final.<\/p>\n<p>As\u00a0\u00d3ticas Diniz\u00a0inovaram com seu atendimento diferenciado, oferecendo as melhores solu\u00e7\u00f5es para a sa\u00fade visual e tecnologia de ponta em \u00f3culos de grau, solares e arma\u00e7\u00f5es.<\/p>\n<\/div>\n<h2>Hor\u00e1rio de funcionamento \u00d3tica Diniz Manaus<\/h2>\n<ul>\n<li><strong>Loja 1<\/strong> &#8211; Segunda a s\u00e1bado das 9h \u00e0s 21h \/ Domingo das 12h \u00e0s 21h<\/li>\n<li><strong>Loja 2<\/strong> &#8211; Segunda a s\u00e1bado das 9h \u00e1s 18h<\/li>\n<li><strong>Loja 3<\/strong> &#8211; Segunda a s\u00e1bado das 10h \u00e0s 22h \/ Domingo das 14h \u00e0s 20h<\/li>\n<li><strong>Loja 4<\/strong> &#8211; Segunda a s\u00e1bado das 10h \u00e0s 22h \/ Domingo das 14h \u00e0s 21h<\/li>\n<li><strong>Loja 5<\/strong> &#8211; Segunda a s\u00e1bado das 9h \u00e1s 18h<\/li>\n<li><strong>Loja 6<\/strong> &#8211; Segunda a s\u00e1bado das 9h \u00e1s 18h<\/li>\n<li><strong>Loja 7<\/strong> &#8211; Segunda a s\u00e1bado das 9h \u00e1s 18h<\/li>\n<li><strong>Loja 8<\/strong> &#8211; Segunda a s\u00e1bado das 9h \u00e1s 18h<\/li>\n<li><strong>Loja 9<\/strong> &#8211; Segunda a s\u00e1bado das 9h \u00e1s 18h<\/li>\n<li><strong>Loja 10<\/strong> &#8211; Segunda a s\u00e1bado das 9h \u00e1s 18h<\/li>\n<li><strong>Loja 11<\/strong> &#8211; Segunda a s\u00e1bado das 9h30 \u00e0s 22h \/ Domingo das 12h \u00e0s 21h<\/li>\n<li><strong>Loja 12<\/strong> &#8211; Segunda a s\u00e1bado das 10h \u00e0s 22h \/ Domingo das 14h \u00e0s 21h<\/li>\n<li><strong>Loja 13<\/strong> &#8211; Segunda a s\u00e1bado das 9h \u00e1s 18h<\/li>\n<li><strong>Loja 14<\/strong> &#8211; Segunda a s\u00e1bado das 9h \u00e1s 18h<\/li>\n<li><strong>Loja 15<\/strong> &#8211; Segunda a s\u00e1bado das 9h \u00e1s 18h<\/li>\n<li><strong>Loja 16<\/strong> &#8211; Segunda a s\u00e1bado das 9h \u00e1s 18h<\/li>\n<li><strong>Loja 17<\/strong> &#8211; Segunda a s\u00e1bado das 9h \u00e1s 18h<\/li>\n<\/ul>\n<h3>Onde Fica, Endere\u00e7o e Telefone \u00d3tica Diniz Manaus<\/h3>\n<ul>\n<li><strong>Loja 1<\/strong> &#8211; Alameda Cosme Ferreira, 4605 &#8211; S\u00e3o Jos\u00e9 Oper\u00e1rio &#8211; Telefone: (92) 3644-5467<\/li>\n<li><strong>Loja 2<\/strong> &#8211; Av. Get\u00falio Vargas, 941 &#8211; Centro &#8211; Telefone: (92) 3637-1455<\/li>\n<li><strong>Loja 3<\/strong> &#8211; Av. Noel Nutels, 1762 &#8211; Cidade Nova &#8211; Telefone: (92) 3636-2920<\/li>\n<li><strong>Loja 4<\/strong> &#8211; Av. M\u00e1rio Ypiranga, 1300 &#8211; Adrian\u00f3polis &#8211; Telefone: (92) 99468-8622<\/li>\n<li><strong>Loja 5<\/strong> &#8211; Av. Brasil, 2337 &#8211; Compensa &#8211; Telefone: (92) 3625-5200<\/li>\n<li><strong>Loja 6<\/strong> &#8211; Av. Eduardo Ribeiro &#8211; Centro &#8211; Telefone: (92) 3303-9979<\/li>\n<li><strong>Loja 7<\/strong> &#8211; Av. Francisco Queiroz, 31 &#8211; Cidade Nova &#8211; Telefone: (92) 3223-5023<\/li>\n<li><strong>Loja 8<\/strong> &#8211; R. Jo\u00e3o Paulo I, 105 &#8211; Alvorada &#8211; Telefone: (92) 3214-2450<\/li>\n<li><strong>Loja 9<\/strong> &#8211; Av. Autaz Mirim, 6171 &#8211; S\u00e3o Jos\u00e9 Oper\u00e1rio &#8211; Telefone: (92) 3216-1120<\/li>\n<li><strong>Loja 10<\/strong> &#8211; Av. Get\u00falio Vargas, 182 &#8211; Centro &#8211; Telefone: (92) 99304-0569<\/li>\n<li><strong>Loja 11<\/strong> &#8211; Av. Djalma Batista, 482 &#8211; Parque Dez de Novembro &#8211; Telefone: (92) 99468-8578<\/li>\n<li><strong>Loja 12<\/strong> &#8211; Av. Djalma Batista, 2100 &#8211; Nossa Sra. das Gracas &#8211; Telefone: (92) 3216-5471<\/li>\n<li><strong>Loja 13<\/strong> &#8211; R. Get\u00falio Vargas, 198 &#8211; Col\u00f4nia Ant\u00f4nio Aleixo &#8211; Telefone: (92) 3303-9970<\/li>\n<li><strong>Loja 14<\/strong> &#8211; Av. Sete de Setembro, 1599 &#8211; Centro &#8211; Telefone: (92) 3215-4296<\/li>\n<li><strong>Loja 15<\/strong> &#8211; Av. Sete de Setembro, 993 &#8211; Centro &#8211; Telefone: (92) 3637-1124<\/li>\n<li><strong>Loja 16<\/strong> &#8211; Av. Autaz Mirim &#8211; S\u00e3o Jos\u00e9 Oper\u00e1rio &#8211; Telefone: (92) 3682-3736<\/li>\n<li><strong>Loja 17<\/strong> &#8211; Av. Noel Nutels, 8 &#8211; Cidade Nova &#8211; Telefone: (92) 3126-6150<\/li>\n<\/ul>\n<h4>Outras informa\u00e7\u00f5es e site<\/h4>\n<ul>\n<li>Mais informa\u00e7\u00f5es:\u00a0<a href=\"http:\/\/www.oticasdiniz.com.br\/\" target=\"_blank\" rel=\"noopener noreferrer\">www.oticasdiniz.com.br\/<\/a><\/li>\n<\/ul>\n<h4>Mapa de localiza\u00e7\u00e3o Loja 1<\/h4>\n<a class=\"wp-colorbox-iframe\" href=\"https:\/\/www.google.com\/maps\/embed?pb=!1m14!1m8!1m3!1d15936.286876696877!2d-59.9572271!3d-3.0755213!3m2!1i1024!2i768!4f13.1!3m3!1m2!1s0x00xf3a63b9b0942a2be!2sticas+Diniz!5e0!3m2!1spt-BR!2sbr!4v1520363301904\"><img decoding=\"async\" src=\"http:\/\/www.encontrabelohorizonte.com.br\/imgs\/maps-post.png\"><\/a>\n<p>&nbsp;<\/p>\n\n<div style=\"font-size: 0px; height: 0px; line-height: 0px; margin: 0; padding: 0; clear: both;\"><\/div>","protected":false},"excerpt":{"rendered":"<p>Com atua\u00e7\u00e3o no mercado brasileiro desde 1992, as \u00d3ticas Diniz representam a maior rede de varejo \u00f3ptico nacional. A \u00d3tica Diniz Manaus inovara com seu atendimento diferenciado, oferece as melhores solu\u00e7\u00f5es para a sa\u00fade visual e tecnologia de ponta em \u00f3culos de grau, solares e arma\u00e7\u00f5es. O crescimento cont\u00ednuo dessa rede \u00e9 o melhor exemplo de estrutura de sucesso de uma marca genuinamente brasileira. A primeira loja das\u00a0\u00d3ticas Diniz\u00a0foi fundada em 26\/01\/1992, na Rua de Santaninha, no centro de S\u00e3o Lu\u00eds, no Maranh\u00e3o, a partir da realiza\u00e7\u00e3o do sonho de seu fundador,\u00a0Arione Diniz. &#8220;Lugar de gente feliz&#8221;\u00a0e\u00a0&#8220;Atendimento de cora\u00e7\u00e3o&#8221;foram os <\/p>\n","protected":false},"author":1,"featured_media":1653,"comment_status":"open","ping_status":"closed","sticky":false,"template":"","format":"standard","meta":{"footnotes":""},"categories":[16],"tags":[],"class_list":["post-1652","post","type-post","status-publish","format-standard","has-post-thumbnail","hentry","category-lugares-em-manaus","has_thumb"],"aioseo_notices":[],"aioseo_head":"\n\t\t<!-- All in One SEO 5.0.0.1 - aioseo.com -->\n\t<meta name=\"description\" content=\"Veja sobre o (\u00d3tica Diniz Manaus) - Informa\u00e7\u00f5es, hor\u00e1rio de funcionamento, endere\u00e7o e telefone. CLIQUE AQUI!\" \/>\n\t<meta name=\"robots\" content=\"max-image-preview:large\" \/>\n\t<meta name=\"author\" content=\"Encontra Manaus\"\/>\n\t<link rel=\"canonical\" href=\"https:\/\/www.encontramanausam.com.br\/sobre\/otica-diniz-manaus\/\" \/>\n\t<meta name=\"generator\" content=\"All in One SEO (AIOSEO) 5.0.0.1\" \/>\n\t\t<meta property=\"og:locale\" content=\"pt_BR\" \/>\n\t\t<meta property=\"og:site_name\" content=\"Encontra Manaus | Not\u00edcias, eventos, informa\u00e7\u00f5es e dicas na cidade Manaus e regi\u00e3o.\" \/>\n\t\t<meta property=\"og:type\" content=\"article\" \/>\n\t\t<meta property=\"og:title\" content=\"\u00d3tica Diniz Manaus: Hor\u00e1rio, Endere\u00e7o, Telefone | Encontra Manaus\" \/>\n\t\t<meta property=\"og:description\" content=\"Veja sobre o (\u00d3tica Diniz Manaus) - Informa\u00e7\u00f5es, hor\u00e1rio de funcionamento, endere\u00e7o e telefone. CLIQUE AQUI!\" \/>\n\t\t<meta property=\"og:url\" content=\"https:\/\/www.encontramanausam.com.br\/sobre\/otica-diniz-manaus\/\" \/>\n\t\t<meta property=\"article:published_time\" content=\"2018-03-06T19:05:13+00:00\" \/>\n\t\t<meta property=\"article:modified_time\" content=\"2019-04-15T14:23:48+00:00\" \/>\n\t\t<meta name=\"twitter:card\" content=\"summary\" \/>\n\t\t<meta name=\"twitter:title\" content=\"\u00d3tica Diniz Manaus: Hor\u00e1rio, Endere\u00e7o, Telefone | Encontra Manaus\" \/>\n\t\t<meta name=\"twitter:description\" content=\"Veja sobre o (\u00d3tica Diniz Manaus) - Informa\u00e7\u00f5es, hor\u00e1rio de funcionamento, endere\u00e7o e telefone. CLIQUE AQUI!\" \/>\n\t\t<script type=\"application\/ld+json\" class=\"aioseo-schema\">\n\t\t\t{\"@context\":\"https:\\\/\\\/schema.org\",\"@graph\":[{\"@type\":\"Article\",\"@id\":\"https:\\\/\\\/www.encontramanausam.com.br\\\/sobre\\\/otica-diniz-manaus\\\/#article\",\"name\":\"\\u00d3tica Diniz Manaus: Hor\\u00e1rio, Endere\\u00e7o, Telefone | Encontra Manaus\",\"headline\":\"\\u00d3tica Diniz Manaus\",\"author\":{\"@id\":\"https:\\\/\\\/www.encontramanausam.com.br\\\/sobre\\\/author\\\/emanausam\\\/#author\"},\"publisher\":{\"@id\":\"https:\\\/\\\/www.encontramanausam.com.br\\\/sobre\\\/#organization\"},\"image\":{\"@type\":\"ImageObject\",\"url\":\"https:\\\/\\\/www.encontramanausam.com.br\\\/sobre\\\/wp-content\\\/uploads\\\/2018\\\/03\\\/otica-diniz-manaus.jpg\",\"width\":680,\"height\":189},\"datePublished\":\"2018-03-06T16:05:13-03:00\",\"dateModified\":\"2019-04-15T11:23:48-03:00\",\"inLanguage\":\"pt-BR\",\"mainEntityOfPage\":{\"@id\":\"https:\\\/\\\/www.encontramanausam.com.br\\\/sobre\\\/otica-diniz-manaus\\\/#webpage\"},\"isPartOf\":{\"@id\":\"https:\\\/\\\/www.encontramanausam.com.br\\\/sobre\\\/otica-diniz-manaus\\\/#webpage\"},\"articleSection\":\"Lugares em Manaus\"},{\"@type\":\"BreadcrumbList\",\"@id\":\"https:\\\/\\\/www.encontramanausam.com.br\\\/sobre\\\/otica-diniz-manaus\\\/#breadcrumblist\",\"itemListElement\":[{\"@type\":\"ListItem\",\"@id\":\"https:\\\/\\\/www.encontramanausam.com.br\\\/sobre#listItem\",\"position\":1,\"name\":\"In\\u00edcio\",\"item\":\"https:\\\/\\\/www.encontramanausam.com.br\\\/sobre\",\"nextItem\":{\"@type\":\"ListItem\",\"@id\":\"https:\\\/\\\/www.encontramanausam.com.br\\\/sobre\\\/lugares-em-manaus\\\/#listItem\",\"name\":\"Lugares em Manaus\"}},{\"@type\":\"ListItem\",\"@id\":\"https:\\\/\\\/www.encontramanausam.com.br\\\/sobre\\\/lugares-em-manaus\\\/#listItem\",\"position\":2,\"name\":\"Lugares em Manaus\",\"item\":\"https:\\\/\\\/www.encontramanausam.com.br\\\/sobre\\\/lugares-em-manaus\\\/\",\"nextItem\":{\"@type\":\"ListItem\",\"@id\":\"https:\\\/\\\/www.encontramanausam.com.br\\\/sobre\\\/otica-diniz-manaus\\\/#listItem\",\"name\":\"\\u00d3tica Diniz Manaus\"},\"previousItem\":{\"@type\":\"ListItem\",\"@id\":\"https:\\\/\\\/www.encontramanausam.com.br\\\/sobre#listItem\",\"name\":\"In\\u00edcio\"}},{\"@type\":\"ListItem\",\"@id\":\"https:\\\/\\\/www.encontramanausam.com.br\\\/sobre\\\/otica-diniz-manaus\\\/#listItem\",\"position\":3,\"name\":\"\\u00d3tica Diniz Manaus\",\"previousItem\":{\"@type\":\"ListItem\",\"@id\":\"https:\\\/\\\/www.encontramanausam.com.br\\\/sobre\\\/lugares-em-manaus\\\/#listItem\",\"name\":\"Lugares em Manaus\"}}]},{\"@type\":\"Organization\",\"@id\":\"https:\\\/\\\/www.encontramanausam.com.br\\\/sobre\\\/#organization\",\"name\":\"Encontra Manaus\",\"description\":\"Not\\u00edcias, eventos, informa\\u00e7\\u00f5es e dicas na cidade Manaus e regi\\u00e3o.\",\"url\":\"https:\\\/\\\/www.encontramanausam.com.br\\\/sobre\\\/\"},{\"@type\":\"Person\",\"@id\":\"https:\\\/\\\/www.encontramanausam.com.br\\\/sobre\\\/author\\\/emanausam\\\/#author\",\"url\":\"https:\\\/\\\/www.encontramanausam.com.br\\\/sobre\\\/author\\\/emanausam\\\/\",\"name\":\"Encontra Manaus\",\"image\":{\"@type\":\"ImageObject\",\"@id\":\"https:\\\/\\\/www.encontramanausam.com.br\\\/sobre\\\/otica-diniz-manaus\\\/#authorImage\",\"url\":\"https:\\\/\\\/secure.gravatar.com\\\/avatar\\\/507340682b8270222e1f208e23198b6ae7e2c6a1033ae84e99bc6bce4f82a387?s=96&d=mm&r=g\",\"width\":96,\"height\":96,\"caption\":\"Encontra Manaus\"}},{\"@type\":\"WebPage\",\"@id\":\"https:\\\/\\\/www.encontramanausam.com.br\\\/sobre\\\/otica-diniz-manaus\\\/#webpage\",\"url\":\"https:\\\/\\\/www.encontramanausam.com.br\\\/sobre\\\/otica-diniz-manaus\\\/\",\"name\":\"\\u00d3tica Diniz Manaus: Hor\\u00e1rio, Endere\\u00e7o, Telefone | Encontra Manaus\",\"description\":\"Veja sobre o (\\u00d3tica Diniz Manaus) - Informa\\u00e7\\u00f5es, hor\\u00e1rio de funcionamento, endere\\u00e7o e telefone. CLIQUE AQUI!\",\"inLanguage\":\"pt-BR\",\"isPartOf\":{\"@id\":\"https:\\\/\\\/www.encontramanausam.com.br\\\/sobre\\\/#website\"},\"breadcrumb\":{\"@id\":\"https:\\\/\\\/www.encontramanausam.com.br\\\/sobre\\\/otica-diniz-manaus\\\/#breadcrumblist\"},\"author\":{\"@id\":\"https:\\\/\\\/www.encontramanausam.com.br\\\/sobre\\\/author\\\/emanausam\\\/#author\"},\"creator\":{\"@id\":\"https:\\\/\\\/www.encontramanausam.com.br\\\/sobre\\\/author\\\/emanausam\\\/#author\"},\"image\":{\"@type\":\"ImageObject\",\"url\":\"https:\\\/\\\/www.encontramanausam.com.br\\\/sobre\\\/wp-content\\\/uploads\\\/2018\\\/03\\\/otica-diniz-manaus.jpg\",\"@id\":\"https:\\\/\\\/www.encontramanausam.com.br\\\/sobre\\\/otica-diniz-manaus\\\/#mainImage\",\"width\":680,\"height\":189},\"primaryImageOfPage\":{\"@id\":\"https:\\\/\\\/www.encontramanausam.com.br\\\/sobre\\\/otica-diniz-manaus\\\/#mainImage\"},\"datePublished\":\"2018-03-06T16:05:13-03:00\",\"dateModified\":\"2019-04-15T11:23:48-03:00\"},{\"@type\":\"WebSite\",\"@id\":\"https:\\\/\\\/www.encontramanausam.com.br\\\/sobre\\\/#website\",\"url\":\"https:\\\/\\\/www.encontramanausam.com.br\\\/sobre\\\/\",\"name\":\"Encontra Manaus\",\"description\":\"Not\\u00edcias, eventos, informa\\u00e7\\u00f5es e dicas na cidade Manaus e regi\\u00e3o.\",\"inLanguage\":\"pt-BR\",\"publisher\":{\"@id\":\"https:\\\/\\\/www.encontramanausam.com.br\\\/sobre\\\/#organization\"}}]}\n\t\t<\/script>\n\t\t<!-- All in One SEO -->\n\n","aioseo_head_json":{"title":"\u00d3tica Diniz Manaus: Hor\u00e1rio, Endere\u00e7o, Telefone | Encontra Manaus","description":"Veja sobre o (\u00d3tica Diniz Manaus) - Informa\u00e7\u00f5es, hor\u00e1rio de funcionamento, endere\u00e7o e telefone. CLIQUE AQUI!","canonical_url":"https:\/\/www.encontramanausam.com.br\/sobre\/otica-diniz-manaus\/","robots":"max-image-preview:large","keywords":"","webmasterTools":{"miscellaneous":""},"schema":{"@context":"https:\/\/schema.org","@graph":[{"@type":"Article","@id":"https:\/\/www.encontramanausam.com.br\/sobre\/otica-diniz-manaus\/#article","name":"\u00d3tica Diniz Manaus: Hor\u00e1rio, Endere\u00e7o, Telefone | Encontra Manaus","headline":"\u00d3tica Diniz Manaus","author":{"@id":"https:\/\/www.encontramanausam.com.br\/sobre\/author\/emanausam\/#author"},"publisher":{"@id":"https:\/\/www.encontramanausam.com.br\/sobre\/#organization"},"image":{"@type":"ImageObject","url":"https:\/\/www.encontramanausam.com.br\/sobre\/wp-content\/uploads\/2018\/03\/otica-diniz-manaus.jpg","width":680,"height":189},"datePublished":"2018-03-06T16:05:13-03:00","dateModified":"2019-04-15T11:23:48-03:00","inLanguage":"pt-BR","mainEntityOfPage":{"@id":"https:\/\/www.encontramanausam.com.br\/sobre\/otica-diniz-manaus\/#webpage"},"isPartOf":{"@id":"https:\/\/www.encontramanausam.com.br\/sobre\/otica-diniz-manaus\/#webpage"},"articleSection":"Lugares em Manaus"},{"@type":"BreadcrumbList","@id":"https:\/\/www.encontramanausam.com.br\/sobre\/otica-diniz-manaus\/#breadcrumblist","itemListElement":[{"@type":"ListItem","@id":"https:\/\/www.encontramanausam.com.br\/sobre#listItem","position":1,"name":"In\u00edcio","item":"https:\/\/www.encontramanausam.com.br\/sobre","nextItem":{"@type":"ListItem","@id":"https:\/\/www.encontramanausam.com.br\/sobre\/lugares-em-manaus\/#listItem","name":"Lugares em Manaus"}},{"@type":"ListItem","@id":"https:\/\/www.encontramanausam.com.br\/sobre\/lugares-em-manaus\/#listItem","position":2,"name":"Lugares em Manaus","item":"https:\/\/www.encontramanausam.com.br\/sobre\/lugares-em-manaus\/","nextItem":{"@type":"ListItem","@id":"https:\/\/www.encontramanausam.com.br\/sobre\/otica-diniz-manaus\/#listItem","name":"\u00d3tica Diniz Manaus"},"previousItem":{"@type":"ListItem","@id":"https:\/\/www.encontramanausam.com.br\/sobre#listItem","name":"In\u00edcio"}},{"@type":"ListItem","@id":"https:\/\/www.encontramanausam.com.br\/sobre\/otica-diniz-manaus\/#listItem","position":3,"name":"\u00d3tica Diniz Manaus","previousItem":{"@type":"ListItem","@id":"https:\/\/www.encontramanausam.com.br\/sobre\/lugares-em-manaus\/#listItem","name":"Lugares em Manaus"}}]},{"@type":"Organization","@id":"https:\/\/www.encontramanausam.com.br\/sobre\/#organization","name":"Encontra Manaus","description":"Not\u00edcias, eventos, informa\u00e7\u00f5es e dicas na cidade Manaus e regi\u00e3o.","url":"https:\/\/www.encontramanausam.com.br\/sobre\/"},{"@type":"Person","@id":"https:\/\/www.encontramanausam.com.br\/sobre\/author\/emanausam\/#author","url":"https:\/\/www.encontramanausam.com.br\/sobre\/author\/emanausam\/","name":"Encontra Manaus","image":{"@type":"ImageObject","@id":"https:\/\/www.encontramanausam.com.br\/sobre\/otica-diniz-manaus\/#authorImage","url":"https:\/\/secure.gravatar.com\/avatar\/507340682b8270222e1f208e23198b6ae7e2c6a1033ae84e99bc6bce4f82a387?s=96&d=mm&r=g","width":96,"height":96,"caption":"Encontra Manaus"}},{"@type":"WebPage","@id":"https:\/\/www.encontramanausam.com.br\/sobre\/otica-diniz-manaus\/#webpage","url":"https:\/\/www.encontramanausam.com.br\/sobre\/otica-diniz-manaus\/","name":"\u00d3tica Diniz Manaus: Hor\u00e1rio, Endere\u00e7o, Telefone | Encontra Manaus","description":"Veja sobre o (\u00d3tica Diniz Manaus) - Informa\u00e7\u00f5es, hor\u00e1rio de funcionamento, endere\u00e7o e telefone. CLIQUE AQUI!","inLanguage":"pt-BR","isPartOf":{"@id":"https:\/\/www.encontramanausam.com.br\/sobre\/#website"},"breadcrumb":{"@id":"https:\/\/www.encontramanausam.com.br\/sobre\/otica-diniz-manaus\/#breadcrumblist"},"author":{"@id":"https:\/\/www.encontramanausam.com.br\/sobre\/author\/emanausam\/#author"},"creator":{"@id":"https:\/\/www.encontramanausam.com.br\/sobre\/author\/emanausam\/#author"},"image":{"@type":"ImageObject","url":"https:\/\/www.encontramanausam.com.br\/sobre\/wp-content\/uploads\/2018\/03\/otica-diniz-manaus.jpg","@id":"https:\/\/www.encontramanausam.com.br\/sobre\/otica-diniz-manaus\/#mainImage","width":680,"height":189},"primaryImageOfPage":{"@id":"https:\/\/www.encontramanausam.com.br\/sobre\/otica-diniz-manaus\/#mainImage"},"datePublished":"2018-03-06T16:05:13-03:00","dateModified":"2019-04-15T11:23:48-03:00"},{"@type":"WebSite","@id":"https:\/\/www.encontramanausam.com.br\/sobre\/#website","url":"https:\/\/www.encontramanausam.com.br\/sobre\/","name":"Encontra Manaus","description":"Not\u00edcias, eventos, informa\u00e7\u00f5es e dicas na cidade Manaus e regi\u00e3o.","inLanguage":"pt-BR","publisher":{"@id":"https:\/\/www.encontramanausam.com.br\/sobre\/#organization"}}]},"og:locale":"pt_BR","og:site_name":"Encontra Manaus | Not\u00edcias, eventos, informa\u00e7\u00f5es e dicas na cidade Manaus e regi\u00e3o.","og:type":"article","og:title":"\u00d3tica Diniz Manaus: Hor\u00e1rio, Endere\u00e7o, Telefone | Encontra Manaus","og:description":"Veja sobre o (\u00d3tica Diniz Manaus) - Informa\u00e7\u00f5es, hor\u00e1rio de funcionamento, endere\u00e7o e telefone. CLIQUE AQUI!","og:url":"https:\/\/www.encontramanausam.com.br\/sobre\/otica-diniz-manaus\/","article:published_time":"2018-03-06T19:05:13+00:00","article:modified_time":"2019-04-15T14:23:48+00:00","twitter:card":"summary","twitter:title":"\u00d3tica Diniz Manaus: Hor\u00e1rio, Endere\u00e7o, Telefone | Encontra Manaus","twitter:description":"Veja sobre o (\u00d3tica Diniz Manaus) - Informa\u00e7\u00f5es, hor\u00e1rio de funcionamento, endere\u00e7o e telefone. CLIQUE AQUI!"},"aioseo_meta_data":{"post_id":"1652","title":"\u00d3tica Diniz Manaus: Hor\u00e1rio, Endere\u00e7o, Telefone | #site_title","description":"Veja sobre o (\u00d3tica Diniz Manaus) - Informa\u00e7\u00f5es, hor\u00e1rio de funcionamento, endere\u00e7o e telefone. CLIQUE AQUI!","keywords":null,"keyphrases":null,"primary_term":null,"canonical_url":null,"og_title":null,"og_description":null,"og_object_type":"default","og_image_type":"default","og_image_url":null,"og_image_width":null,"og_image_height":null,"og_image_custom_url":null,"og_image_custom_fields":null,"og_video":null,"og_custom_url":null,"og_article_section":null,"og_article_tags":null,"twitter_use_og":false,"twitter_card":"default","twitter_image_type":"default","twitter_image_url":null,"twitter_image_custom_url":null,"twitter_image_custom_fields":null,"twitter_title":null,"twitter_description":null,"schema":{"blockGraphs":[],"customGraphs":[],"default":{"data":{"Article":[],"Course":[],"Dataset":[],"FAQPage":[],"Movie":[],"Person":[],"Product":[],"ProductReview":[],"Car":[],"Recipe":[],"Service":[],"SoftwareApplication":[],"WebPage":[]},"graphName":"Article","isEnabled":true},"graphs":[]},"schema_type":null,"schema_type_options":null,"pillar_content":false,"robots_default":true,"robots_noindex":false,"robots_noarchive":false,"robots_nosnippet":false,"robots_nofollow":false,"robots_noimageindex":false,"robots_noodp":false,"robots_notranslate":false,"robots_max_snippet":null,"robots_max_videopreview":null,"robots_max_imagepreview":"large","priority":null,"frequency":null,"local_seo":null,"breadcrumb_settings":null,"limit_modified_date":false,"ai":null,"created":"2021-08-13 15:06:08","updated":"2025-06-17 03:09:49","focus_keyword":null,"additional_keywords":null,"truseo_locale":null,"seo_analyzer_scan_date":null},"aioseo_breadcrumb":"<div class=\"aioseo-breadcrumbs\"><span class=\"aioseo-breadcrumb\">\n\t\t\t<a href=\"https:\/\/www.encontramanausam.com.br\/sobre\" title=\"In\u00edcio\">In\u00edcio<\/a>\n\t\t<\/span><span class=\"aioseo-breadcrumb-separator\">&raquo;<\/span><span class=\"aioseo-breadcrumb\">\n\t\t\t<a href=\"https:\/\/www.encontramanausam.com.br\/sobre\/lugares-em-manaus\/\" title=\"Lugares em Manaus\">Lugares em Manaus<\/a>\n\t\t<\/span><span class=\"aioseo-breadcrumb-separator\">&raquo;<\/span><span class=\"aioseo-breadcrumb\">\n\t\t\t\u00d3tica Diniz Manaus\n\t\t<\/span><\/div>","aioseo_breadcrumb_json":[{"label":"In\u00edcio","link":"https:\/\/www.encontramanausam.com.br\/sobre"},{"label":"Lugares em Manaus","link":"https:\/\/www.encontramanausam.com.br\/sobre\/lugares-em-manaus\/"},{"label":"\u00d3tica Diniz Manaus","link":"https:\/\/www.encontramanausam.com.br\/sobre\/otica-diniz-manaus\/"}],"_links":{"self":[{"href":"https:\/\/www.encontramanausam.com.br\/sobre\/wp-json\/wp\/v2\/posts\/1652","targetHints":{"allow":["GET"]}}],"collection":[{"href":"https:\/\/www.encontramanausam.com.br\/sobre\/wp-json\/wp\/v2\/posts"}],"about":[{"href":"https:\/\/www.encontramanausam.com.br\/sobre\/wp-json\/wp\/v2\/types\/post"}],"author":[{"embeddable":true,"href":"https:\/\/www.encontramanausam.com.br\/sobre\/wp-json\/wp\/v2\/users\/1"}],"replies":[{"embeddable":true,"href":"https:\/\/www.encontramanausam.com.br\/sobre\/wp-json\/wp\/v2\/comments?post=1652"}],"version-history":[{"count":5,"href":"https:\/\/www.encontramanausam.com.br\/sobre\/wp-json\/wp\/v2\/posts\/1652\/revisions"}],"predecessor-version":[{"id":3985,"href":"https:\/\/www.encontramanausam.com.br\/sobre\/wp-json\/wp\/v2\/posts\/1652\/revisions\/3985"}],"wp:featuredmedia":[{"embeddable":true,"href":"https:\/\/www.encontramanausam.com.br\/sobre\/wp-json\/wp\/v2\/media\/1653"}],"wp:attachment":[{"href":"https:\/\/www.encontramanausam.com.br\/sobre\/wp-json\/wp\/v2\/media?parent=1652"}],"wp:term":[{"taxonomy":"category","embeddable":true,"href":"https:\/\/www.encontramanausam.com.br\/sobre\/wp-json\/wp\/v2\/categories?post=1652"},{"taxonomy":"post_tag","embeddable":true,"href":"https:\/\/www.encontramanausam.com.br\/sobre\/wp-json\/wp\/v2\/tags?post=1652"}],"curies":[{"name":"wp","href":"https:\/\/api.w.org\/{rel}","templated":true}]}}